{"id":10654,"date":"2026-03-29T21:17:52","date_gmt":"2026-03-30T00:17:52","guid":{"rendered":"http:\/\/cafecommessias.com.br\/?p=10654"},"modified":"2026-03-29T21:18:43","modified_gmt":"2026-03-30T00:18:43","slug":"em-nova-pesquisa-allyson-dispara-com-392-alvaro-dias-tem-206-e-cadu-xavier-91-na-disputa-pelo-governo-do-rn","status":"publish","type":"post","link":"https:\/\/cafecommessias.com.br\/?p=10654","title":{"rendered":"Em nova pesquisa, Allyson dispara com 39,2%, \u00c1lvaro Dias tem 20,6% e Cadu Xavier 9,1% na disputa pelo Governo do RN"},"content":{"rendered":"\n<p>Em nova pesquisa divulgada neste domingo (29), os dados confirmam que, se a elei\u00e7\u00e3o fosse hoje, Allyson Bezerra lideraria a disputa para o Governo do Rio Grande do Norte com 39,2% das inten\u00e7\u00f5es de voto.\u00a0<\/p>\n\n\n\n<p>O cen\u00e1rio apresenta na sequ\u00eancia o ex-prefeito de Natal, \u00c1lvaro Dias (PL), com 20,6%, seguido por Cadu Xavier (PT) com 9,1%. O levantamento do Instituto Data Ranking em parceria com o portal Fonte83 possui\u00a0<strong>registro oficial no Tribunal Regional Eleitoral sob o n\u00famero RN-09960\/2026,<\/strong>\u00a0com \u00edndice de confian\u00e7a de 95% e margem de erro de 2,19%.<\/p>\n\n\n\n<p>Com equipe formada por t\u00e9cnicos com passagens pelo Ibope e Datafolha, o Instituto Data Ranking registrou 86,3% de acerto em levantamentos de 25 cidades brasileiras na \u00faltima elei\u00e7\u00e3o.<\/p>\n\n\n\n<p>Os n\u00fameros deste domingo abrem o mapeamento eleitoral que cobrir\u00e1 todos os estados do Nordeste at\u00e9 outubro.<\/p>\n\n\n\n<p class=\"has-text-align-center\"><strong><em>PUBLICIDADE<\/em><\/strong><\/p>\n\n\n\n<figure class=\"wp-block-image size-full\"><img loading=\"lazy\" decoding=\"async\" width=\"970\" height=\"250\" src=\"http:\/\/cafecommessias.com.br\/wp-content\/uploads\/2026\/03\/BANNER-ANIMADO-UNIMED.gif\" alt=\"\" class=\"wp-image-10210\"\/><\/figure>\n","protected":false},"excerpt":{"rendered":"<p>Em nova pesquisa divulgada neste domingo (29), os dados confirmam que, se a elei\u00e7\u00e3o fosse hoje, Allyson Bezerra lideraria a disputa para o Governo do Rio Grande do Norte com 39,2% das inten\u00e7\u00f5es de voto.\u00a0 O cen\u00e1rio apresenta na sequ\u00eancia o ex-prefeito de Natal, \u00c1lvaro Dias (PL), com 20,6%, seguido por Cadu Xavier (PT) com&#8230;<\/p>\n","protected":false},"author":1,"featured_media":10655,"comment_status":"open","ping_status":"closed","sticky":false,"template":"","format":"standard","meta":{"footnotes":""},"categories":[4,6],"tags":[],"class_list":["post-10654","post","type-post","status-publish","format-standard","has-post-thumbnail","hentry","category-anuncie-aqui","category-politica"],"_links":{"self":[{"href":"https:\/\/cafecommessias.com.br\/index.php?rest_route=\/wp\/v2\/posts\/10654","targetHints":{"allow":["GET"]}}],"collection":[{"href":"https:\/\/cafecommessias.com.br\/index.php?rest_route=\/wp\/v2\/posts"}],"about":[{"href":"https:\/\/cafecommessias.com.br\/index.php?rest_route=\/wp\/v2\/types\/post"}],"author":[{"embeddable":true,"href":"https:\/\/cafecommessias.com.br\/index.php?rest_route=\/wp\/v2\/users\/1"}],"replies":[{"embeddable":true,"href":"https:\/\/cafecommessias.com.br\/index.php?rest_route=%2Fwp%2Fv2%2Fcomments&post=10654"}],"version-history":[{"count":2,"href":"https:\/\/cafecommessias.com.br\/index.php?rest_route=\/wp\/v2\/posts\/10654\/revisions"}],"predecessor-version":[{"id":10657,"href":"https:\/\/cafecommessias.com.br\/index.php?rest_route=\/wp\/v2\/posts\/10654\/revisions\/10657"}],"wp:featuredmedia":[{"embeddable":true,"href":"https:\/\/cafecommessias.com.br\/index.php?rest_route=\/wp\/v2\/media\/10655"}],"wp:attachment":[{"href":"https:\/\/cafecommessias.com.br\/index.php?rest_route=%2Fwp%2Fv2%2Fmedia&parent=10654"}],"wp:term":[{"taxonomy":"category","embeddable":true,"href":"https:\/\/cafecommessias.com.br\/index.php?rest_route=%2Fwp%2Fv2%2Fcategories&post=10654"},{"taxonomy":"post_tag","embeddable":true,"href":"https:\/\/cafecommessias.com.br\/index.php?rest_route=%2Fwp%2Fv2%2Ftags&post=10654"}],"curies":[{"name":"wp","href":"https:\/\/api.w.org\/{rel}","templated":true}]}}