{"id":10672,"date":"2026-04-01T16:05:39","date_gmt":"2026-04-01T19:05:39","guid":{"rendered":"http:\/\/cafecommessias.com.br\/?p=10672"},"modified":"2026-04-01T16:06:06","modified_gmt":"2026-04-01T19:06:06","slug":"camara-de-natal-aprova-projeto-de-samanda-para-prevenir-violencia-sexual-nas-redes-nas-escolas","status":"publish","type":"post","link":"https:\/\/cafecommessias.com.br\/?p=10672","title":{"rendered":"C\u00e2mara de Natal aprova projeto de Samanda para prevenir viol\u00eancia sexual nas redes nas escolas"},"content":{"rendered":"\n<p>A C\u00e2mara Municipal de Natal aprovou nesta quarta-feira (1\u00ba) um projeto de lei da vereadora Samanda Alves (PT) que coloca a capital na linha de frente da prote\u00e7\u00e3o de crian\u00e7as e adolescentes no ambiente digital. A proposta institui o Programa Municipal de Preven\u00e7\u00e3o \u00e0 Viol\u00eancia Sexual nas Redes Sociais nas escolas da rede p\u00fablica.<\/p>\n\n\n\n<p>A iniciativa surge em resposta ao avan\u00e7o preocupante dos casos de explora\u00e7\u00e3o e viol\u00eancia sexual na internet, que atinge principalmente crian\u00e7as e adolescentes. Para Samanda, o poder p\u00fablico n\u00e3o pode mais tratar o tema como algo distante da realidade escolar.<\/p>\n\n\n\n<p>\u201cHoje, o perigo n\u00e3o est\u00e1 s\u00f3 nas ruas, ele entra em casa pelo celular. E \u00e9 papel do Estado agir antes que a viol\u00eancia aconte\u00e7a\u201d, afirma a vereadora.<\/p>\n\n\n\n<p>Com foco na preven\u00e7\u00e3o, o projeto transforma as escolas em espa\u00e7os ativos de prote\u00e7\u00e3o. A proposta prev\u00ea campanhas educativas permanentes, oficinas sobre uso seguro da internet, capacita\u00e7\u00e3o de professores para identificar sinais de viol\u00eancia virtual, divulga\u00e7\u00e3o de canais de den\u00fancia e o envolvimento direto das fam\u00edlias no acompanhamento da vida digital dos estudantes.<\/p>\n\n\n\n<p>Um dos destaques da lei \u00e9 a cria\u00e7\u00e3o da Jornada de Educa\u00e7\u00e3o Digital Segura, que ser\u00e1 realizada anualmente para manter o tema em debate cont\u00ednuo nas escolas e comunidades.<\/p>\n\n\n\n<p>Ao liderar a aprova\u00e7\u00e3o da proposta, Samanda refor\u00e7a seu compromisso com a defesa da inf\u00e2ncia e com o papel da escola p\u00fablica como espa\u00e7o de cuidado, forma\u00e7\u00e3o e prote\u00e7\u00e3o.<\/p>\n\n\n\n<p>\u201cN\u00e3o d\u00e1 para esperar que as fam\u00edlias enfrentem esse problema sozinhas. A escola precisa estar preparada, o Estado precisa estar presente. Proteger nossas crian\u00e7as tamb\u00e9m passa por educar para o mundo digital\u201d, destaca.<\/p>\n\n\n<div class=\"wp-block-post-author\"><div class=\"wp-block-post-author__avatar\"><img alt='' src='https:\/\/secure.gravatar.com\/avatar\/a62bcf199877d37056dc55ccc32b6decbd05abb46ce616ef4c38b16491e4d91d?s=48&#038;r=g' srcset='https:\/\/secure.gravatar.com\/avatar\/a62bcf199877d37056dc55ccc32b6decbd05abb46ce616ef4c38b16491e4d91d?s=96&#038;r=g 2x' class='avatar avatar-48 photo' height='48' width='48' \/><\/div><div class=\"wp-block-post-author__content\"><p class=\"wp-block-post-author__name\">Blogcafecommessias<\/p><\/div><\/div>\n\n\n<figure class=\"wp-block-image size-full\"><img loading=\"lazy\" decoding=\"async\" width=\"970\" height=\"250\" src=\"http:\/\/cafecommessias.com.br\/wp-content\/uploads\/2026\/04\/Lixo-nas-Ruas_970x250.png\" alt=\"\" class=\"wp-image-10675\" srcset=\"https:\/\/cafecommessias.com.br\/wp-content\/uploads\/2026\/04\/Lixo-nas-Ruas_970x250.png 970w, https:\/\/cafecommessias.com.br\/wp-content\/uploads\/2026\/04\/Lixo-nas-Ruas_970x250-300x77.png 300w, https:\/\/cafecommessias.com.br\/wp-content\/uploads\/2026\/04\/Lixo-nas-Ruas_970x250-768x198.png 768w\" sizes=\"auto, (max-width: 970px) 100vw, 970px\" \/><\/figure>\n","protected":false},"excerpt":{"rendered":"<p>A C\u00e2mara Municipal de Natal aprovou nesta quarta-feira (1\u00ba) um projeto de lei da vereadora Samanda Alves (PT) que coloca a capital na linha de frente da prote\u00e7\u00e3o de crian\u00e7as e adolescentes no ambiente digital. A proposta institui o Programa Municipal de Preven\u00e7\u00e3o \u00e0 Viol\u00eancia Sexual nas Redes Sociais nas escolas da rede p\u00fablica. A&#8230;<\/p>\n","protected":false},"author":1,"featured_media":10673,"comment_status":"open","ping_status":"open","sticky":false,"template":"","format":"standard","meta":{"footnotes":""},"categories":[4,36],"tags":[],"class_list":["post-10672","post","type-post","status-publish","format-standard","has-post-thumbnail","hentry","category-anuncie-aqui","category-natal"],"_links":{"self":[{"href":"https:\/\/cafecommessias.com.br\/index.php?rest_route=\/wp\/v2\/posts\/10672","targetHints":{"allow":["GET"]}}],"collection":[{"href":"https:\/\/cafecommessias.com.br\/index.php?rest_route=\/wp\/v2\/posts"}],"about":[{"href":"https:\/\/cafecommessias.com.br\/index.php?rest_route=\/wp\/v2\/types\/post"}],"author":[{"embeddable":true,"href":"https:\/\/cafecommessias.com.br\/index.php?rest_route=\/wp\/v2\/users\/1"}],"replies":[{"embeddable":true,"href":"https:\/\/cafecommessias.com.br\/index.php?rest_route=%2Fwp%2Fv2%2Fcomments&post=10672"}],"version-history":[{"count":2,"href":"https:\/\/cafecommessias.com.br\/index.php?rest_route=\/wp\/v2\/posts\/10672\/revisions"}],"predecessor-version":[{"id":10676,"href":"https:\/\/cafecommessias.com.br\/index.php?rest_route=\/wp\/v2\/posts\/10672\/revisions\/10676"}],"wp:featuredmedia":[{"embeddable":true,"href":"https:\/\/cafecommessias.com.br\/index.php?rest_route=\/wp\/v2\/media\/10673"}],"wp:attachment":[{"href":"https:\/\/cafecommessias.com.br\/index.php?rest_route=%2Fwp%2Fv2%2Fmedia&parent=10672"}],"wp:term":[{"taxonomy":"category","embeddable":true,"href":"https:\/\/cafecommessias.com.br\/index.php?rest_route=%2Fwp%2Fv2%2Fcategories&post=10672"},{"taxonomy":"post_tag","embeddable":true,"href":"https:\/\/cafecommessias.com.br\/index.php?rest_route=%2Fwp%2Fv2%2Ftags&post=10672"}],"curies":[{"name":"wp","href":"https:\/\/api.w.org\/{rel}","templated":true}]}}