{"id":10682,"date":"2026-03-31T16:22:52","date_gmt":"2026-03-31T19:22:52","guid":{"rendered":"http:\/\/cafecommessias.com.br\/?p=10682"},"modified":"2026-04-01T16:32:19","modified_gmt":"2026-04-01T19:32:19","slug":"lula-deve-enviar-nesta-terca-ao-senado-indicacao-de-jorge-messias-ao-stf","status":"publish","type":"post","link":"https:\/\/cafecommessias.com.br\/?p=10682","title":{"rendered":"Lula deve enviar nesta ter\u00e7a ao Senado indica\u00e7\u00e3o de Jorge Messias ao STF"},"content":{"rendered":"\n<p>O presidente Luiz In\u00e1cio Lula da Silva deve enviar nesta ter\u00e7a-feira (31), ao Senado, a mensagem presidencial que oficializa a indica\u00e7\u00e3o do advogado-geral da Uni\u00e3o, Jorge Messias, para uma vaga de ministro do Supremo Tribunal Federal (STF). A informa\u00e7\u00e3o foi confirmada pela Advocacia-Geral da Uni\u00e3o (AGU).<\/p>\n\n\n\n<p>No dia 20 de novembro do ano passado, o Pal\u00e1cio do Planalto confirmou a indica\u00e7\u00e3o de Messias, mas a mensagem n\u00e3o foi enviada em fun\u00e7\u00e3o da falta de apoio pol\u00edtico.<\/p>\n\n\n\n<p>Messias ser\u00e1 indicado para a vaga do ministro Lu\u00eds Roberto Barroso, que anunciou aposentadoria antecipada da Corte e deixou o tribunal em outubro de 2025.<\/p>\n\n\n\n<p>Diante da possibilidade de envio da mensagem, o ministro da AGU declarou que vai continuar na busca do di\u00e1logo com os senadores.<\/p>\n\n\n\n<p>\u201cContinuarei meu empenho pela pacifica\u00e7\u00e3o e estabilidade. Como profissional do direito, sempre valorizei o di\u00e1logo e a concilia\u00e7\u00e3o como as melhores maneiras de resolver conflitos. Reafirmarei meu compromisso com essas credenciais\u201d, declarou.<\/p>\n\n\n\n<p>Para tomar posse, Messias precisa passar por uma sabatina na Comiss\u00e3o de Constitui\u00e7\u00e3o e Justi\u00e7a (CCJ) do Senado e dever\u00e1 ter o nome aprovado em vota\u00e7\u00e3o na comiss\u00e3o e no plen\u00e1rio da Casa. A data da sabatina ainda ser\u00e1 definida.<\/p>\n\n\n\n<p>O ministro da AGU tem 46 anos e, caso seja empossado no STF, poder\u00e1 ficar no cargo at\u00e9 completar 75 anos, idade em que a aposentadoria \u00e9 compuls\u00f3ria.<\/p>\n\n\n\n<p>Nascido no Recife, o ministro \u00e9 procurador concursado da Fazenda Nacional desde 2007. Ele \u00e9 formado em direito pela Faculdade de Direito do Recife (UFPE) e possui os t\u00edtulos de mestre e doutor pela Universidade de Bras\u00edlia (UnB).<\/p>\n\n\n\n<p>Durante o governo da ex-presidente Dilma Rousseff, Messias foi subchefe para Assuntos Jur\u00eddicos da Presid\u00eancia da Rep\u00fablica, setor respons\u00e1vel pelo assessoramento direto da presidente. No atual governo, ocupa a AGU desde 1\u00ba de janeiro de 2023.<\/p>\n\n\n\n<p><sub>por Ag\u00eancia Brasil<\/sub><\/p>\n\n\n<div class=\"wp-block-post-author\"><div class=\"wp-block-post-author__avatar\"><img alt='' src='https:\/\/secure.gravatar.com\/avatar\/a62bcf199877d37056dc55ccc32b6decbd05abb46ce616ef4c38b16491e4d91d?s=48&#038;r=g' srcset='https:\/\/secure.gravatar.com\/avatar\/a62bcf199877d37056dc55ccc32b6decbd05abb46ce616ef4c38b16491e4d91d?s=96&#038;r=g 2x' class='avatar avatar-48 photo' height='48' width='48' \/><\/div><div class=\"wp-block-post-author__content\"><p class=\"wp-block-post-author__name\">Blogcafecommessias<\/p><\/div><\/div>","protected":false},"excerpt":{"rendered":"<p>O presidente Luiz In\u00e1cio Lula da Silva deve enviar nesta ter\u00e7a-feira (31), ao Senado, a mensagem presidencial que oficializa a indica\u00e7\u00e3o do advogado-geral da Uni\u00e3o, Jorge Messias, para uma vaga de ministro do Supremo Tribunal Federal (STF). A informa\u00e7\u00e3o foi confirmada pela Advocacia-Geral da Uni\u00e3o (AGU). No dia 20 de novembro do ano passado, o&#8230;<\/p>\n","protected":false},"author":1,"featured_media":10683,"comment_status":"open","ping_status":"open","sticky":false,"template":"","format":"standard","meta":{"footnotes":""},"categories":[4,6],"tags":[],"class_list":["post-10682","post","type-post","status-publish","format-standard","has-post-thumbnail","hentry","category-anuncie-aqui","category-politica"],"_links":{"self":[{"href":"https:\/\/cafecommessias.com.br\/index.php?rest_route=\/wp\/v2\/posts\/10682","targetHints":{"allow":["GET"]}}],"collection":[{"href":"https:\/\/cafecommessias.com.br\/index.php?rest_route=\/wp\/v2\/posts"}],"about":[{"href":"https:\/\/cafecommessias.com.br\/index.php?rest_route=\/wp\/v2\/types\/post"}],"author":[{"embeddable":true,"href":"https:\/\/cafecommessias.com.br\/index.php?rest_route=\/wp\/v2\/users\/1"}],"replies":[{"embeddable":true,"href":"https:\/\/cafecommessias.com.br\/index.php?rest_route=%2Fwp%2Fv2%2Fcomments&post=10682"}],"version-history":[{"count":1,"href":"https:\/\/cafecommessias.com.br\/index.php?rest_route=\/wp\/v2\/posts\/10682\/revisions"}],"predecessor-version":[{"id":10684,"href":"https:\/\/cafecommessias.com.br\/index.php?rest_route=\/wp\/v2\/posts\/10682\/revisions\/10684"}],"wp:featuredmedia":[{"embeddable":true,"href":"https:\/\/cafecommessias.com.br\/index.php?rest_route=\/wp\/v2\/media\/10683"}],"wp:attachment":[{"href":"https:\/\/cafecommessias.com.br\/index.php?rest_route=%2Fwp%2Fv2%2Fmedia&parent=10682"}],"wp:term":[{"taxonomy":"category","embeddable":true,"href":"https:\/\/cafecommessias.com.br\/index.php?rest_route=%2Fwp%2Fv2%2Fcategories&post=10682"},{"taxonomy":"post_tag","embeddable":true,"href":"https:\/\/cafecommessias.com.br\/index.php?rest_route=%2Fwp%2Fv2%2Ftags&post=10682"}],"curies":[{"name":"wp","href":"https:\/\/api.w.org\/{rel}","templated":true}]}}