{"id":10685,"date":"2026-04-01T16:40:12","date_gmt":"2026-04-01T19:40:12","guid":{"rendered":"http:\/\/cafecommessias.com.br\/?p=10685"},"modified":"2026-04-01T16:40:13","modified_gmt":"2026-04-01T19:40:13","slug":"stf-julga-se-jair-bolsonaro-podia-bloquear-cidadaos-em-contas-oficiais-nas-redes-sociais","status":"publish","type":"post","link":"https:\/\/cafecommessias.com.br\/?p=10685","title":{"rendered":"STF julga se Jair Bolsonaro podia bloquear cidad\u00e3os em contas oficiais nas redes sociais"},"content":{"rendered":"\n<p>O Supremo Tribunal Federal (STF) marcou o julgamento de duas a\u00e7\u00f5es que discutem se o ex-presidente Jair Bolsonaro (PL) poderia bloquear cidad\u00e3os de suas redes sociais oficiais enquanto ainda ocupava o cargo de presidente da Rep\u00fablica. Os casos s\u00e3o relatados pela ministra C\u00e1rmen L\u00facia e pelo ministro Andr\u00e9 Mendon\u00e7a e devem ser analisados no dia 20 de maio.<\/p>\n\n\n\n<p>Um dos mandados de seguran\u00e7a analisa se Bolsonaro poderia bloquear um cidad\u00e3o em sua conta no Twitter (agora, X) sem violar direitos fundamentais. O caso foi apresentado ao STF pelo jornalista William de Luca Martinez em 2020, que pediu \u00e0 Corte o desbloqueio de seu perfil, alegando que a medida representou censura e abuso de poder.<\/p>\n\n\n\n<p>O jornalista afirmou que \u201ca participa\u00e7\u00e3o popular n\u00e3o se esgota no exerc\u00edcio do sufr\u00e1gio, mas, sim, na pr\u00e1tica cotidiana de acompanhar os passos que o governo est\u00e1 dando, fiscaliz\u00e1-lo, critic\u00e1-lo ou sugerir quais medidas devem ser tomadas\u201d.<\/p>\n\n\n\n<p>\u201cO que s\u00f3 \u00e9 poss\u00edvel no exerc\u00edcio pleno dos direitos ao acesso \u00e0 informa\u00e7\u00e3o, \u00e0 liberdade de manifesta\u00e7\u00e3o do pensamento, \u00e0 liberdade de express\u00e3o de comunica\u00e7\u00e3o, para se informar e informar, mediante atividade jornal\u00edstica\u201d, disse.<\/p>\n\n\n\n<p>A defesa do ex-presidente justificou, na \u00e9poca, que Bolsonaro, assim como qualquer outro cidad\u00e3o, teria o direito assegurado \u201cde ter uma conta particular na rede social que lhe aprouver, bem como expressar sua opini\u00e3o, compartilhar postagens, entre outros, decidindo acerca de seus contatos e seguidores\u201d.<\/p>\n\n\n\n<p>J\u00e1 o segundo caso foi apresentado pelo advogado Leonardo Medeiros Magalh\u00e3es, tamb\u00e9m em 2020. Ele pediu na a\u00e7\u00e3o o desbloqueio de sua conta no Instagram e o reconhecimento de seu direito de interagir com o perfil de Bolsonaro, que era o presidente da Rep\u00fablica.<\/p>\n\n\n\n<p>d\u00e3o, a livre manifesta\u00e7\u00e3o do pensamento\u201d. Para Leonardo, o Tribunal deveria julgar \u201cprocedente todos os termos desta a\u00e7\u00e3o mandamental, sob pena de vivenciarmos uma ditadura virtual, o que custaria muito caro para o nosso rec\u00e9m-nascido Estado democr\u00e1tico\u201d.<\/p>\n\n\n\n<p>Bolsonaro em sua defesa replicou o argumento de que sua conta no Instagram \u00e9 de natureza privada, e que, como qualquer cidad\u00e3o, tem o direito de decidir quem pode segui-lo ou interagir com suas publica\u00e7\u00f5es.<\/p>\n\n\n\n<p>\u201cO pedido do impetrante viola o princ\u00edpio da legalidade, n\u00e3o sendo o impetrado obrigado a fazer o requerido pelo impetrante, diante de aus\u00eancia de normativo legal que obrigue qualquer cidad\u00e3o a ter contato em rede social com quem n\u00e3o queria\u201d, disse a defesa do ex-presidente.<\/p>\n\n\n\n<p><sub>por Estad\u00e3o Conte\u00fado<\/sub><\/p>\n\n\n<div class=\"wp-block-post-author\"><div class=\"wp-block-post-author__avatar\"><img alt='' src='https:\/\/secure.gravatar.com\/avatar\/a62bcf199877d37056dc55ccc32b6decbd05abb46ce616ef4c38b16491e4d91d?s=48&#038;r=g' srcset='https:\/\/secure.gravatar.com\/avatar\/a62bcf199877d37056dc55ccc32b6decbd05abb46ce616ef4c38b16491e4d91d?s=96&#038;r=g 2x' class='avatar avatar-48 photo' height='48' width='48' \/><\/div><div class=\"wp-block-post-author__content\"><p class=\"wp-block-post-author__name\">Blogcafecommessias<\/p><\/div><\/div>\n\n\n<figure class=\"wp-block-image size-full\"><img loading=\"lazy\" decoding=\"async\" width=\"970\" height=\"250\" src=\"http:\/\/cafecommessias.com.br\/wp-content\/uploads\/2026\/04\/Lixo-nas-Ruas_970x250-1.png\" alt=\"\" class=\"wp-image-10686\" srcset=\"https:\/\/cafecommessias.com.br\/wp-content\/uploads\/2026\/04\/Lixo-nas-Ruas_970x250-1.png 970w, https:\/\/cafecommessias.com.br\/wp-content\/uploads\/2026\/04\/Lixo-nas-Ruas_970x250-1-300x77.png 300w, https:\/\/cafecommessias.com.br\/wp-content\/uploads\/2026\/04\/Lixo-nas-Ruas_970x250-1-768x198.png 768w\" sizes=\"auto, (max-width: 970px) 100vw, 970px\" \/><\/figure>\n","protected":false},"excerpt":{"rendered":"<p>O Supremo Tribunal Federal (STF) marcou o julgamento de duas a\u00e7\u00f5es que discutem se o ex-presidente Jair Bolsonaro (PL) poderia bloquear cidad\u00e3os de suas redes sociais oficiais enquanto ainda ocupava o cargo de presidente da Rep\u00fablica. Os casos s\u00e3o relatados pela ministra C\u00e1rmen L\u00facia e pelo ministro Andr\u00e9 Mendon\u00e7a e devem ser analisados no dia&#8230;<\/p>\n","protected":false},"author":1,"featured_media":0,"comment_status":"open","ping_status":"open","sticky":false,"template":"","format":"standard","meta":{"footnotes":""},"categories":[4,39],"tags":[],"class_list":["post-10685","post","type-post","status-publish","format-standard","hentry","category-anuncie-aqui","category-justica"],"_links":{"self":[{"href":"https:\/\/cafecommessias.com.br\/index.php?rest_route=\/wp\/v2\/posts\/10685","targetHints":{"allow":["GET"]}}],"collection":[{"href":"https:\/\/cafecommessias.com.br\/index.php?rest_route=\/wp\/v2\/posts"}],"about":[{"href":"https:\/\/cafecommessias.com.br\/index.php?rest_route=\/wp\/v2\/types\/post"}],"author":[{"embeddable":true,"href":"https:\/\/cafecommessias.com.br\/index.php?rest_route=\/wp\/v2\/users\/1"}],"replies":[{"embeddable":true,"href":"https:\/\/cafecommessias.com.br\/index.php?rest_route=%2Fwp%2Fv2%2Fcomments&post=10685"}],"version-history":[{"count":1,"href":"https:\/\/cafecommessias.com.br\/index.php?rest_route=\/wp\/v2\/posts\/10685\/revisions"}],"predecessor-version":[{"id":10687,"href":"https:\/\/cafecommessias.com.br\/index.php?rest_route=\/wp\/v2\/posts\/10685\/revisions\/10687"}],"wp:attachment":[{"href":"https:\/\/cafecommessias.com.br\/index.php?rest_route=%2Fwp%2Fv2%2Fmedia&parent=10685"}],"wp:term":[{"taxonomy":"category","embeddable":true,"href":"https:\/\/cafecommessias.com.br\/index.php?rest_route=%2Fwp%2Fv2%2Fcategories&post=10685"},{"taxonomy":"post_tag","embeddable":true,"href":"https:\/\/cafecommessias.com.br\/index.php?rest_route=%2Fwp%2Fv2%2Ftags&post=10685"}],"curies":[{"name":"wp","href":"https:\/\/api.w.org\/{rel}","templated":true}]}}