{"id":10706,"date":"2026-04-03T09:52:27","date_gmt":"2026-04-03T12:52:27","guid":{"rendered":"http:\/\/cafecommessias.com.br\/?p=10706"},"modified":"2026-04-03T09:52:50","modified_gmt":"2026-04-03T12:52:50","slug":"numero-de-mortos-com-guerra-no-oriente-medio-pode-passar-de-5-mil","status":"publish","type":"post","link":"https:\/\/cafecommessias.com.br\/?p=10706","title":{"rendered":"N\u00famero de mortos com guerra no Oriente M\u00e9dio pode passar de 5 mil"},"content":{"rendered":"\n<p>O n\u00famero de mortos na guerra de EUA e Israel contra o Ir\u00e3 pode passar de 5 mil, segundo dados compilados pela ag\u00eancia de not\u00edcias Reuters no dia 2 de abril. As v\u00edtimas est\u00e3o espalhadas por mais de dez pa\u00edses, a maior parte delas no Ir\u00e3 e no L\u00edbano.<\/p>\n\n\n\n<p>O conflito tamb\u00e9m j\u00e1 provocou o deslocamento de mais de 4 milh\u00f5es de pessoas, especialmente no Ir\u00e3 e no L\u00edbano.<\/p>\n\n\n\n<p>Veja abaixo os territ\u00f3rios que registraram mortes desde o in\u00edcio da guerra.<\/p>\n\n\n\n<p><strong>Ir\u00e3<\/strong><\/p>\n\n\n\n<p>O grupo de direitos humanos HRANA, com sede nos EUA, informou que 3.527 pessoas foram mortas desde o in\u00edcio da guerra. Segundo o grupo, 1.606 eram civis, incluindo pelo menos 244 crian\u00e7as. Os dados foram divulgados pela ag\u00eancia Reuters no dia 2 de abril.<\/p>\n\n\n\n<p>A Federa\u00e7\u00e3o Internacional das Sociedades da Cruz Vermelha e do Crescente Vermelho disse na sexta-feira (27) que pelo menos 1.900 pessoas foram mortas e 20.000 ficaram feridas no Ir\u00e3 nos ataques dos EUA e de Israel at\u00e9 agora.<\/p>\n\n\n\n<p>N\u00e3o est\u00e1 claro se esses n\u00fameros incluem pelo menos 104 pessoas que, segundo os militares iranianos, morreram em um ataque dos EUA a um navio de guerra iraniano ao largo do Sri Lanka em 4 de mar\u00e7o.<\/p>\n\n\n\n<p>Al\u00e9m disso um relat\u00f3rio da HRANA, em parceria com o Centro para Civis em Conflito (CIVIC) e a Airwars, organiza\u00e7\u00e3o brit\u00e2nica focada em investiga\u00e7\u00e3o e transpar\u00eancia, a guerra danificou 60 hospitais ou centros m\u00e9dicos, 44 escolas e 129 edif\u00edcios residenciais. Estimativas do governo iraniano indicam que&nbsp;mais de 16 mil casas foram afetadas.<\/p>\n\n\n\n<p>Al\u00e9m disso, desde o in\u00edcio da guerra,&nbsp;3,2 milh\u00f5es de pessoas foram deslocadas no pa\u00eds, segundo a ONU.<\/p>\n\n\n\n<p><strong>Escola bombardeada<\/strong><\/p>\n\n\n\n<p>Um dos ataques que mais marcaram a guerra foi o&nbsp;bombardeio na escola Shajareh Tayyebeh, em Minab, no sul iraniano, em 28 de fevereiro, no primeiro dia do conflito.<\/p>\n\n\n\n<p>Segundo a rede humanit\u00e1ria Crescente Vermelho iraniano,&nbsp;175 pessoas morreram.&nbsp;O embaixador do Ir\u00e3 na ONU, em Genebra, afirmou que&nbsp;150 das v\u00edtimas eram crian\u00e7as.<\/p>\n\n\n\n<p>A m\u00eddia estatal iraniana publicou uma lista com 56 nomes e fotos das v\u00edtimas. Segundo a BBC, 48 eram crian\u00e7as que tinham entre 6 e 11 anos.<\/p>\n\n\n\n<p><em><sub>Por g1<\/sub><\/em><\/p>\n\n\n\n<p><\/p>\n","protected":false},"excerpt":{"rendered":"<p>O n\u00famero de mortos na guerra de EUA e Israel contra o Ir\u00e3 pode passar de 5 mil, segundo dados compilados pela ag\u00eancia de not\u00edcias Reuters no dia 2 de abril. As v\u00edtimas est\u00e3o espalhadas por mais de dez pa\u00edses, a maior parte delas no Ir\u00e3 e no L\u00edbano. O conflito tamb\u00e9m j\u00e1 provocou o&#8230;<\/p>\n","protected":false},"author":1,"featured_media":10707,"comment_status":"open","ping_status":"closed","sticky":false,"template":"","format":"standard","meta":{"footnotes":""},"categories":[2],"tags":[],"class_list":["post-10706","post","type-post","status-publish","format-standard","has-post-thumbnail","hentry","category-internacional"],"_links":{"self":[{"href":"https:\/\/cafecommessias.com.br\/index.php?rest_route=\/wp\/v2\/posts\/10706","targetHints":{"allow":["GET"]}}],"collection":[{"href":"https:\/\/cafecommessias.com.br\/index.php?rest_route=\/wp\/v2\/posts"}],"about":[{"href":"https:\/\/cafecommessias.com.br\/index.php?rest_route=\/wp\/v2\/types\/post"}],"author":[{"embeddable":true,"href":"https:\/\/cafecommessias.com.br\/index.php?rest_route=\/wp\/v2\/users\/1"}],"replies":[{"embeddable":true,"href":"https:\/\/cafecommessias.com.br\/index.php?rest_route=%2Fwp%2Fv2%2Fcomments&post=10706"}],"version-history":[{"count":1,"href":"https:\/\/cafecommessias.com.br\/index.php?rest_route=\/wp\/v2\/posts\/10706\/revisions"}],"predecessor-version":[{"id":10708,"href":"https:\/\/cafecommessias.com.br\/index.php?rest_route=\/wp\/v2\/posts\/10706\/revisions\/10708"}],"wp:featuredmedia":[{"embeddable":true,"href":"https:\/\/cafecommessias.com.br\/index.php?rest_route=\/wp\/v2\/media\/10707"}],"wp:attachment":[{"href":"https:\/\/cafecommessias.com.br\/index.php?rest_route=%2Fwp%2Fv2%2Fmedia&parent=10706"}],"wp:term":[{"taxonomy":"category","embeddable":true,"href":"https:\/\/cafecommessias.com.br\/index.php?rest_route=%2Fwp%2Fv2%2Fcategories&post=10706"},{"taxonomy":"post_tag","embeddable":true,"href":"https:\/\/cafecommessias.com.br\/index.php?rest_route=%2Fwp%2Fv2%2Ftags&post=10706"}],"curies":[{"name":"wp","href":"https:\/\/api.w.org\/{rel}","templated":true}]}}