{"id":10709,"date":"2026-04-03T09:56:51","date_gmt":"2026-04-03T12:56:51","guid":{"rendered":"http:\/\/cafecommessias.com.br\/?p=10709"},"modified":"2026-04-03T09:57:36","modified_gmt":"2026-04-03T12:57:36","slug":"eleicoes-2026-janela-partidaria-para-deputados-federais-estaduais-e-distritais-termina-nesta-sexta-feira-3","status":"publish","type":"post","link":"https:\/\/cafecommessias.com.br\/?p=10709","title":{"rendered":"ELEI\u00c7\u00d5ES 2026: Janela partid\u00e1ria para deputados federais, estaduais e distritais termina nesta sexta-feira (3)"},"content":{"rendered":"\n<p>A janela partid\u00e1ria se encerra nesta sexta-feira (3) e representa a \u00faltima data para deputados federais, estaduais e distritais mudarem de partido sem risco de perder o mandato.<\/p>\n\n\n\n<p>Aberto em 5 de mar\u00e7o, o per\u00edodo de 30 dias ocorre em anos eleitorais e permite a migra\u00e7\u00e3o de parlamentares eleitos pelo sistema proporcional. O objetivo \u00e9 reorganizar as for\u00e7as pol\u00edticas antes das elei\u00e7\u00f5es de 2026, marcadas para outubro.<\/p>\n\n\n\n<p>Neste ano, a regra n\u00e3o se aplica aos vereadores, j\u00e1 que foram eleitos em 2024 e n\u00e3o est\u00e3o em fim de mandato.<\/p>\n\n\n\n<p>J\u00e1 ocupantes de cargos majorit\u00e1rios \u2014 como presidente da Rep\u00fablica, governadores e senadores \u2014 podem trocar de partido a qualquer momento, sem necessidade de justificativa.<\/p>\n\n\n\n<p>Para cargos proporcionais, a l\u00f3gica \u00e9 diferente: o mandato pertence ao partido, n\u00e3o ao eleito. Por isso, fora da janela, a troca s\u00f3 \u00e9 permitida com \u201cjusta causa\u201d. Durante o per\u00edodo, por\u00e9m, a mudan\u00e7a \u00e9 automaticamente considerada v\u00e1lida pela Justi\u00e7a Eleitoral.<\/p>\n\n\n\n<p><strong>Elei\u00e7\u00f5es 2026<\/strong><\/p>\n\n\n\n<p>Nas elei\u00e7\u00f5es gerais de 2026, mais de 150 milh\u00f5es de brasileiros ir\u00e3o \u00e0s urnas no dia 4 de outubro para escolher seis cargos. Diferentemente de 2022, haver\u00e1 vota\u00e7\u00e3o para duas vagas ao Senado.<\/p>\n\n\n\n<p>A ordem de vota\u00e7\u00e3o ser\u00e1:<\/p>\n\n\n\n<ul class=\"wp-block-list\">\n<li>deputado federal<\/li>\n\n\n\n<li>deputado estadual ou distrital<\/li>\n\n\n\n<li>senador (primeira vaga)<\/li>\n\n\n\n<li>senador (segunda vaga)<\/li>\n\n\n\n<li>governador e vice-governador<\/li>\n\n\n\n<li>presidente e vice-presidente da Rep\u00fablica<\/li>\n<\/ul>\n\n\n\n<p>Com o fim da janela, o cen\u00e1rio partid\u00e1rio come\u00e7a a se consolidar para a disputa eleitoral do pr\u00f3ximo ano.<\/p>\n\n\n<div class=\"wp-block-post-author\"><div class=\"wp-block-post-author__avatar\"><img alt='' src='https:\/\/secure.gravatar.com\/avatar\/a62bcf199877d37056dc55ccc32b6decbd05abb46ce616ef4c38b16491e4d91d?s=48&#038;r=g' srcset='https:\/\/secure.gravatar.com\/avatar\/a62bcf199877d37056dc55ccc32b6decbd05abb46ce616ef4c38b16491e4d91d?s=96&#038;r=g 2x' class='avatar avatar-48 photo' height='48' width='48' \/><\/div><div class=\"wp-block-post-author__content\"><p class=\"wp-block-post-author__name\">Blogcafecommessias<\/p><\/div><\/div>\n\n\n<figure class=\"wp-block-image size-full\"><img loading=\"lazy\" decoding=\"async\" width=\"630\" height=\"96\" src=\"http:\/\/cafecommessias.com.br\/wp-content\/uploads\/2026\/04\/630x96-Adolescencia.png.webp\" alt=\"\" class=\"wp-image-10679\" srcset=\"https:\/\/cafecommessias.com.br\/wp-content\/uploads\/2026\/04\/630x96-Adolescencia.png.webp 630w, https:\/\/cafecommessias.com.br\/wp-content\/uploads\/2026\/04\/630x96-Adolescencia.png-300x46.webp 300w\" sizes=\"auto, (max-width: 630px) 100vw, 630px\" \/><\/figure>\n","protected":false},"excerpt":{"rendered":"<p>A janela partid\u00e1ria se encerra nesta sexta-feira (3) e representa a \u00faltima data para deputados federais, estaduais e distritais mudarem de partido sem risco de perder o mandato. Aberto em 5 de mar\u00e7o, o per\u00edodo de 30 dias ocorre em anos eleitorais e permite a migra\u00e7\u00e3o de parlamentares eleitos pelo sistema proporcional. O objetivo \u00e9&#8230;<\/p>\n","protected":false},"author":1,"featured_media":10710,"comment_status":"open","ping_status":"closed","sticky":false,"template":"","format":"standard","meta":{"footnotes":""},"categories":[4,6],"tags":[],"class_list":["post-10709","post","type-post","status-publish","format-standard","has-post-thumbnail","hentry","category-anuncie-aqui","category-politica"],"_links":{"self":[{"href":"https:\/\/cafecommessias.com.br\/index.php?rest_route=\/wp\/v2\/posts\/10709","targetHints":{"allow":["GET"]}}],"collection":[{"href":"https:\/\/cafecommessias.com.br\/index.php?rest_route=\/wp\/v2\/posts"}],"about":[{"href":"https:\/\/cafecommessias.com.br\/index.php?rest_route=\/wp\/v2\/types\/post"}],"author":[{"embeddable":true,"href":"https:\/\/cafecommessias.com.br\/index.php?rest_route=\/wp\/v2\/users\/1"}],"replies":[{"embeddable":true,"href":"https:\/\/cafecommessias.com.br\/index.php?rest_route=%2Fwp%2Fv2%2Fcomments&post=10709"}],"version-history":[{"count":1,"href":"https:\/\/cafecommessias.com.br\/index.php?rest_route=\/wp\/v2\/posts\/10709\/revisions"}],"predecessor-version":[{"id":10711,"href":"https:\/\/cafecommessias.com.br\/index.php?rest_route=\/wp\/v2\/posts\/10709\/revisions\/10711"}],"wp:featuredmedia":[{"embeddable":true,"href":"https:\/\/cafecommessias.com.br\/index.php?rest_route=\/wp\/v2\/media\/10710"}],"wp:attachment":[{"href":"https:\/\/cafecommessias.com.br\/index.php?rest_route=%2Fwp%2Fv2%2Fmedia&parent=10709"}],"wp:term":[{"taxonomy":"category","embeddable":true,"href":"https:\/\/cafecommessias.com.br\/index.php?rest_route=%2Fwp%2Fv2%2Fcategories&post=10709"},{"taxonomy":"post_tag","embeddable":true,"href":"https:\/\/cafecommessias.com.br\/index.php?rest_route=%2Fwp%2Fv2%2Ftags&post=10709"}],"curies":[{"name":"wp","href":"https:\/\/api.w.org\/{rel}","templated":true}]}}