{"id":10715,"date":"2026-04-03T10:04:01","date_gmt":"2026-04-03T13:04:01","guid":{"rendered":"http:\/\/cafecommessias.com.br\/?p=10715"},"modified":"2026-04-03T10:04:15","modified_gmt":"2026-04-03T13:04:15","slug":"vorcaro-cita-moraes-em-datas-proximas-a-voos-de-jatinho-e-caso-levanta-suspeitas","status":"publish","type":"post","link":"https:\/\/cafecommessias.com.br\/?p=10715","title":{"rendered":"Vorcaro cita Moraes em datas pr\u00f3ximas a voos de jatinho e caso levanta suspeitas"},"content":{"rendered":"\n<p>Conversas obtidas pela Pol\u00edcia Federal colocam o banqueiro&nbsp;Daniel Vorcaro, dono do Banco Master, no centro de um novo cap\u00edtulo pol\u00eamico envolvendo o ministro do STF&nbsp;Alexandre de Moraes. Di\u00e1logos com sua ent\u00e3o noiva, Martha Graeff, indicam que o magistrado foi citado em encontros pr\u00f3ximos a datas de viagens realizadas em jatos executivos ligados ao empres\u00e1rio.<\/p>\n\n\n\n<p>A informa\u00e7\u00e3o \u00e9 da colunista Malu Gaspar, do jornal&nbsp;<strong><em>O Globo<\/em><\/strong>. O cruzamento de informa\u00e7\u00f5es mostra ao menos tr\u00eas coincid\u00eancias entre mensagens e voos registrados entre maio e agosto de 2025. Em um dos trechos, Vorcaro afirma estar com Moraes e o senador&nbsp;Ciro Nogueira&nbsp;na v\u00e9spera de uma viagem do ministro de Bras\u00edlia para S\u00e3o Paulo em aeronave vinculada \u00e0 empresa Prime Aviation. Dias depois, novas mensagens indicam encontros e jantares com a presen\u00e7a do magistrado e sua esposa, a advogada Viviane Barci de Moraes.<\/p>\n\n\n\n<p>Os registros de voos, baseados em dados da ANAC e do DECEA, apontam que Moraes e sua esposa utilizaram aeronaves executivas em diversas ocasi\u00f5es no per\u00edodo. Em paralelo, mensagens de Vorcaro relatam encontros com o ministro nas mesmas datas ou em dias pr\u00f3ximos, levantando questionamentos sobre a rela\u00e7\u00e3o entre ambos.<\/p>\n\n\n\n<p>Em nota oficial, Alexandre de Moraes negou qualquer irregularidade e afirmou nunca ter viajado em aeronaves de Vorcaro ou de seu cunhado, Fabiano Zettel, nem ter rela\u00e7\u00e3o com eles. J\u00e1 o escrit\u00f3rio de sua esposa declarou que contrata servi\u00e7os de t\u00e1xi a\u00e9reo de diversas empresas e que n\u00e3o houve viagens conjuntas com os empres\u00e1rios.<\/p>\n\n\n\n<p>O caso ganha ainda mais repercuss\u00e3o ap\u00f3s a revela\u00e7\u00e3o de que mensagens extra\u00eddas do celular de Vorcaro mostram contato direto com Moraes no dia da pris\u00e3o do banqueiro, em novembro de 2025. Em um dos trechos, o empres\u00e1rio questiona o ministro sobre tentativas de bloqueio envolvendo o banco.<\/p>\n\n\n\n<p>As novas informa\u00e7\u00f5es ampliam a press\u00e3o sobre o epis\u00f3dio e alimentam o debate sobre poss\u00edveis conex\u00f5es entre agentes p\u00fablicos e investigados, em meio \u00e0s apura\u00e7\u00f5es envolvendo o Banco Master.<\/p>\n","protected":false},"excerpt":{"rendered":"<p>Conversas obtidas pela Pol\u00edcia Federal colocam o banqueiro&nbsp;Daniel Vorcaro, dono do Banco Master, no centro de um novo cap\u00edtulo pol\u00eamico envolvendo o ministro do STF&nbsp;Alexandre de Moraes. Di\u00e1logos com sua ent\u00e3o noiva, Martha Graeff, indicam que o magistrado foi citado em encontros pr\u00f3ximos a datas de viagens realizadas em jatos executivos ligados ao empres\u00e1rio. A&#8230;<\/p>\n","protected":false},"author":1,"featured_media":10716,"comment_status":"open","ping_status":"closed","sticky":false,"template":"","format":"standard","meta":{"footnotes":""},"categories":[39],"tags":[],"class_list":["post-10715","post","type-post","status-publish","format-standard","has-post-thumbnail","hentry","category-justica"],"_links":{"self":[{"href":"https:\/\/cafecommessias.com.br\/index.php?rest_route=\/wp\/v2\/posts\/10715","targetHints":{"allow":["GET"]}}],"collection":[{"href":"https:\/\/cafecommessias.com.br\/index.php?rest_route=\/wp\/v2\/posts"}],"about":[{"href":"https:\/\/cafecommessias.com.br\/index.php?rest_route=\/wp\/v2\/types\/post"}],"author":[{"embeddable":true,"href":"https:\/\/cafecommessias.com.br\/index.php?rest_route=\/wp\/v2\/users\/1"}],"replies":[{"embeddable":true,"href":"https:\/\/cafecommessias.com.br\/index.php?rest_route=%2Fwp%2Fv2%2Fcomments&post=10715"}],"version-history":[{"count":1,"href":"https:\/\/cafecommessias.com.br\/index.php?rest_route=\/wp\/v2\/posts\/10715\/revisions"}],"predecessor-version":[{"id":10717,"href":"https:\/\/cafecommessias.com.br\/index.php?rest_route=\/wp\/v2\/posts\/10715\/revisions\/10717"}],"wp:featuredmedia":[{"embeddable":true,"href":"https:\/\/cafecommessias.com.br\/index.php?rest_route=\/wp\/v2\/media\/10716"}],"wp:attachment":[{"href":"https:\/\/cafecommessias.com.br\/index.php?rest_route=%2Fwp%2Fv2%2Fmedia&parent=10715"}],"wp:term":[{"taxonomy":"category","embeddable":true,"href":"https:\/\/cafecommessias.com.br\/index.php?rest_route=%2Fwp%2Fv2%2Fcategories&post=10715"},{"taxonomy":"post_tag","embeddable":true,"href":"https:\/\/cafecommessias.com.br\/index.php?rest_route=%2Fwp%2Fv2%2Ftags&post=10715"}],"curies":[{"name":"wp","href":"https:\/\/api.w.org\/{rel}","templated":true}]}}