{"id":10718,"date":"2026-04-03T10:05:25","date_gmt":"2026-04-03T13:05:25","guid":{"rendered":"http:\/\/cafecommessias.com.br\/?p=10718"},"modified":"2026-04-03T10:05:40","modified_gmt":"2026-04-03T13:05:40","slug":"fachin-reage-a-relatorio-dos-eua-e-sai-em-defesa-do-stf","status":"publish","type":"post","link":"https:\/\/cafecommessias.com.br\/?p=10718","title":{"rendered":"Fachin reage a relat\u00f3rio dos EUA e sai em defesa do STF"},"content":{"rendered":"\n<p>O presidente do Supremo Tribunal Federal,&nbsp;Edson Fachin, reagiu com firmeza ao relat\u00f3rio do Comit\u00ea Judici\u00e1rio da C\u00e2mara dos Estados Unidos que critica decis\u00f5es da Corte brasileira. Em nota divulgada nesta quinta-feira (2), o magistrado afirmou que o documento apresenta \u201cdistor\u00e7\u00f5es\u201d e n\u00e3o reflete a realidade do sistema jur\u00eddico do pa\u00eds.<\/p>\n\n\n\n<p>Segundo Fachin, o relat\u00f3rio erra ao questionar decis\u00f5es do STF, especialmente aquelas relacionadas \u00e0 remo\u00e7\u00e3o de conte\u00fados em plataformas digitais. Ele destacou que essas medidas fazem parte de investiga\u00e7\u00f5es sobre o uso criminoso das redes sociais, envolvendo pr\u00e1ticas como tentativa de golpe de Estado e ataques ao Estado Democr\u00e1tico de Direito.<\/p>\n\n\n\n<p>O documento norte-americano, que cita o ministro&nbsp;Alexandre de Moraes, acusa a Corte de promover censura e interferir no debate p\u00fablico, inclusive com poss\u00edveis impactos nas elei\u00e7\u00f5es. Fachin rebateu, afirmando que h\u00e1 uma interpreta\u00e7\u00e3o equivocada sobre o papel do Judici\u00e1rio brasileiro e os limites da liberdade de express\u00e3o.<\/p>\n\n\n\n<p>Na avalia\u00e7\u00e3o do presidente do STF, o direito \u00e0 livre manifesta\u00e7\u00e3o n\u00e3o pode ser utilizado como justificativa para a pr\u00e1tica de crimes. Ele refor\u00e7ou que o ordenamento jur\u00eddico brasileiro prev\u00ea limites claros e que o Supremo atua dentro dessas regras.<\/p>\n\n\n\n<p>Fachin tamb\u00e9m informou que o tribunal deve responder oficialmente ao relat\u00f3rio por vias diplom\u00e1ticas, refor\u00e7ando a posi\u00e7\u00e3o institucional da Corte diante das cr\u00edticas vindas dos Estados Unidos.<\/p>\n","protected":false},"excerpt":{"rendered":"<p>O presidente do Supremo Tribunal Federal,&nbsp;Edson Fachin, reagiu com firmeza ao relat\u00f3rio do Comit\u00ea Judici\u00e1rio da C\u00e2mara dos Estados Unidos que critica decis\u00f5es da Corte brasileira. Em nota divulgada nesta quinta-feira (2), o magistrado afirmou que o documento apresenta \u201cdistor\u00e7\u00f5es\u201d e n\u00e3o reflete a realidade do sistema jur\u00eddico do pa\u00eds. Segundo Fachin, o relat\u00f3rio erra&#8230;<\/p>\n","protected":false},"author":1,"featured_media":10719,"comment_status":"open","ping_status":"closed","sticky":false,"template":"","format":"standard","meta":{"footnotes":""},"categories":[3],"tags":[],"class_list":["post-10718","post","type-post","status-publish","format-standard","has-post-thumbnail","hentry","category-geral"],"_links":{"self":[{"href":"https:\/\/cafecommessias.com.br\/index.php?rest_route=\/wp\/v2\/posts\/10718","targetHints":{"allow":["GET"]}}],"collection":[{"href":"https:\/\/cafecommessias.com.br\/index.php?rest_route=\/wp\/v2\/posts"}],"about":[{"href":"https:\/\/cafecommessias.com.br\/index.php?rest_route=\/wp\/v2\/types\/post"}],"author":[{"embeddable":true,"href":"https:\/\/cafecommessias.com.br\/index.php?rest_route=\/wp\/v2\/users\/1"}],"replies":[{"embeddable":true,"href":"https:\/\/cafecommessias.com.br\/index.php?rest_route=%2Fwp%2Fv2%2Fcomments&post=10718"}],"version-history":[{"count":1,"href":"https:\/\/cafecommessias.com.br\/index.php?rest_route=\/wp\/v2\/posts\/10718\/revisions"}],"predecessor-version":[{"id":10720,"href":"https:\/\/cafecommessias.com.br\/index.php?rest_route=\/wp\/v2\/posts\/10718\/revisions\/10720"}],"wp:featuredmedia":[{"embeddable":true,"href":"https:\/\/cafecommessias.com.br\/index.php?rest_route=\/wp\/v2\/media\/10719"}],"wp:attachment":[{"href":"https:\/\/cafecommessias.com.br\/index.php?rest_route=%2Fwp%2Fv2%2Fmedia&parent=10718"}],"wp:term":[{"taxonomy":"category","embeddable":true,"href":"https:\/\/cafecommessias.com.br\/index.php?rest_route=%2Fwp%2Fv2%2Fcategories&post=10718"},{"taxonomy":"post_tag","embeddable":true,"href":"https:\/\/cafecommessias.com.br\/index.php?rest_route=%2Fwp%2Fv2%2Ftags&post=10718"}],"curies":[{"name":"wp","href":"https:\/\/api.w.org\/{rel}","templated":true}]}}