{"id":10726,"date":"2026-04-03T10:12:30","date_gmt":"2026-04-03T13:12:30","guid":{"rendered":"http:\/\/cafecommessias.com.br\/?p=10726"},"modified":"2026-04-03T10:12:53","modified_gmt":"2026-04-03T13:12:53","slug":"stf-barra-prorrogacao-da-cpmi-do-inss-e-impede-acesso-a-dados-de-voos-de-ministros-em-avioes-de-vorcaro","status":"publish","type":"post","link":"https:\/\/cafecommessias.com.br\/?p=10726","title":{"rendered":"STF barra prorroga\u00e7\u00e3o da CPMI do INSS e impede acesso a dados de voos de ministros em avi\u00f5es de Vorcaro"},"content":{"rendered":"\n<p>A decis\u00e3o do STF, de&nbsp;<a href=\"https:\/\/www.blogdobg.com.br\/stf-forma-maioria-contra-prorrogacao-da-cpmi-no-inss\/\">barrar a prorroga\u00e7\u00e3o da CPMI do INSS<\/a>&nbsp;acabou impedindo que o colegiado tivesse acesso a informa\u00e7\u00f5es sobre voos de ministros da Corte em aeronaves ligadas ao banqueiro Daniel Vorcaro. A vota\u00e7\u00e3o ocorreu no dia 26 de mar\u00e7o, quando o STF derrubou decis\u00e3o do&nbsp;<a href=\"https:\/\/www.blogdobg.com.br\/video-mendonca-vota-pela-prorrogacao-da-cpi-do-inss-e-defende-resposta-a-roubo-de-bilhoes-dos-mais-vulneraveis\/\">ministro Andr\u00e9 Mendon\u00e7a que autorizava a extens\u00e3o dos trabalhos da comiss\u00e3o<\/a>.<\/p>\n\n\n\n<p>Antes do encerramento da CPMI, parlamentares haviam aprovado um requerimento solicitando \u00e0 empresa Prime Aviation \u2014 usada por Vorcaro para administrar aeronaves \u2014 dados sobre voos e passageiros desde 2015. A companhia informou \u00e0 comiss\u00e3o que precisaria de mais tempo para reunir as informa\u00e7\u00f5es solicitadas, conforme informa\u00e7\u00f5es do Metr\u00f3poles.<\/p>\n\n\n\n<p>Segundo of\u00edcios enviados ao colegiado, a empresa alegou inicialmente, em 19 de mar\u00e7o, que n\u00e3o teria recebido o pedido original. Em nova comunica\u00e7\u00e3o, no dia 24 de mar\u00e7o, quatro dias antes do fim da CPMI, a Prime Aviation informou que n\u00e3o conseguiu reunir a totalidade dos dados dentro do prazo estabelecido.<\/p>\n\n\n\n<p>No documento encaminhado \u00e0 comiss\u00e3o, a empresa afirmou que, \u201capesar das dilig\u00eancias j\u00e1 realizadas, n\u00e3o foi poss\u00edvel reunir a integralidade dos dados necess\u00e1rios ao atendimento completo da requisi\u00e7\u00e3o\u201d. Com o encerramento da CPMI ap\u00f3s a decis\u00e3o do STF e sem prorroga\u00e7\u00e3o pelo presidente do Congresso, Davi Alcolumbre (Uni\u00e3o-AP), o pedido n\u00e3o avan\u00e7ou.<\/p>\n\n\n\n<p>Reportagens publicadas pelo jornal&nbsp;<em>Folha de S.Paulo<\/em>&nbsp;informaram que o ministro Alexandre de&nbsp;<a href=\"https:\/\/www.blogdobg.com.br\/moraes-realizou-oito-voos-em-jatos-ligados-a-empresas-de-daniel-vorcaro\/\">Moraes e sua esposa teriam usado aeronaves da empresa ligada a Vorcaro em viagens privadas<\/a>. A publica\u00e7\u00e3o tamb\u00e9m relatou que o ministro Dias&nbsp;<a href=\"https:\/\/www.blogdobg.com.br\/toffoli-viajou-em-jato-de-empresa-de-vorcaro-rumo-ao-resort-tayaya\/\">Toffoli teria usado aeronave administrada pela mesma empresa<\/a>.<\/p>\n\n\n\n<p>Dados da Ag\u00eancia Nacional de Avia\u00e7\u00e3o Civil (Anac), citados pela reportagem, indicam que Toffoli utilizou o terminal executivo do aeroporto de Bras\u00edlia em 4 de julho de 2025, data em que um voo da Prime Aviation partiu em dire\u00e7\u00e3o a Mar\u00edlia (SP). At\u00e9 o momento, as informa\u00e7\u00f5es sobre passageiros solicitadas pela CPMI n\u00e3o foram oficialmente disponibilizadas \u00e0 comiss\u00e3o.<\/p>\n","protected":false},"excerpt":{"rendered":"<p>A decis\u00e3o do STF, de&nbsp;barrar a prorroga\u00e7\u00e3o da CPMI do INSS&nbsp;acabou impedindo que o colegiado tivesse acesso a informa\u00e7\u00f5es sobre voos de ministros da Corte em aeronaves ligadas ao banqueiro Daniel Vorcaro. A vota\u00e7\u00e3o ocorreu no dia 26 de mar\u00e7o, quando o STF derrubou decis\u00e3o do&nbsp;ministro Andr\u00e9 Mendon\u00e7a que autorizava a extens\u00e3o dos trabalhos da&#8230;<\/p>\n","protected":false},"author":1,"featured_media":10727,"comment_status":"open","ping_status":"closed","sticky":false,"template":"","format":"standard","meta":{"footnotes":""},"categories":[6],"tags":[],"class_list":["post-10726","post","type-post","status-publish","format-standard","has-post-thumbnail","hentry","category-politica"],"_links":{"self":[{"href":"https:\/\/cafecommessias.com.br\/index.php?rest_route=\/wp\/v2\/posts\/10726","targetHints":{"allow":["GET"]}}],"collection":[{"href":"https:\/\/cafecommessias.com.br\/index.php?rest_route=\/wp\/v2\/posts"}],"about":[{"href":"https:\/\/cafecommessias.com.br\/index.php?rest_route=\/wp\/v2\/types\/post"}],"author":[{"embeddable":true,"href":"https:\/\/cafecommessias.com.br\/index.php?rest_route=\/wp\/v2\/users\/1"}],"replies":[{"embeddable":true,"href":"https:\/\/cafecommessias.com.br\/index.php?rest_route=%2Fwp%2Fv2%2Fcomments&post=10726"}],"version-history":[{"count":1,"href":"https:\/\/cafecommessias.com.br\/index.php?rest_route=\/wp\/v2\/posts\/10726\/revisions"}],"predecessor-version":[{"id":10728,"href":"https:\/\/cafecommessias.com.br\/index.php?rest_route=\/wp\/v2\/posts\/10726\/revisions\/10728"}],"wp:featuredmedia":[{"embeddable":true,"href":"https:\/\/cafecommessias.com.br\/index.php?rest_route=\/wp\/v2\/media\/10727"}],"wp:attachment":[{"href":"https:\/\/cafecommessias.com.br\/index.php?rest_route=%2Fwp%2Fv2%2Fmedia&parent=10726"}],"wp:term":[{"taxonomy":"category","embeddable":true,"href":"https:\/\/cafecommessias.com.br\/index.php?rest_route=%2Fwp%2Fv2%2Fcategories&post=10726"},{"taxonomy":"post_tag","embeddable":true,"href":"https:\/\/cafecommessias.com.br\/index.php?rest_route=%2Fwp%2Fv2%2Ftags&post=10726"}],"curies":[{"name":"wp","href":"https:\/\/api.w.org\/{rel}","templated":true}]}}