{"id":10743,"date":"2026-04-03T13:27:01","date_gmt":"2026-04-03T16:27:01","guid":{"rendered":"http:\/\/cafecommessias.com.br\/?p=10743"},"modified":"2026-04-03T13:27:16","modified_gmt":"2026-04-03T16:27:16","slug":"janones-promete-campanha-mais-baixa-que-a-anterior-contra-flavio-bolsonaro","status":"publish","type":"post","link":"https:\/\/cafecommessias.com.br\/?p=10743","title":{"rendered":"Janones promete campanha \u201cmais baixa que a anterior\u201d contra Fl\u00e1vio Bolsonaro"},"content":{"rendered":"\n<p>O deputado Andr\u00e9 Janones (Rede) afirmou que far\u00e1 uma campanha \u201cmais baixa que a anterior\u201d contra o senador Fl\u00e1vio Bolsonaro (PL) na disputa eleitoral com o presidente Lula (PT). A declara\u00e7\u00e3o foi enviada \u00e0&nbsp;<a href=\"https:\/\/www.metropoles.com\/colunas\/paulo-cappelli\/janones-promete-campanha-mais-baixa-que-a-anterior-contra-flavio\">coluna do jornalista Paulo Cappelli, do Metr\u00f3poles<\/a>, ap\u00f3s a divulga\u00e7\u00e3o de pesquisa do instituto Atlas, que apontou empate t\u00e9cnico em S\u00e3o Paulo entre Lula e Fl\u00e1vio.<\/p>\n\n\n\n<p>O parlamentar detalhou sua estrat\u00e9gia para prejudicar o pr\u00e9-candidato da direita. \u201cA brincadeira nem come\u00e7ou ainda e vou fazer uma campanha mais baixa que a anterior. O Fl\u00e1vio ser\u00e1 amassado e haver\u00e1 choro e ranger de dentes\u201d, afirmou.<\/p>\n\n\n\n<p>Na opini\u00e3o do deputado, o resultado da pesquisa n\u00e3o reflete o cen\u00e1rio definitivo da disputa, e a vantagem dever\u00e1 se consolidar a favor de Lula. \u201cAo final,&nbsp;n\u00e3o sobrar\u00e1 pedra sobre pedra\u201d, definiu.<\/p>\n\n\n\n<p>O presidente Luiz In\u00e1cio Lula da Silva (PT) e o senador Fl\u00e1vio Bolsonaro (PL) aparecem tecnicamente empatados na corrida eleitoral em S\u00e3o Paulo, segundo a pesquisa divulgada na quarta-feira (1\u00ba\/4).<\/p>\n\n\n\n<p>Janones se filiou \u00e0 Rede Sustentabilidade no \u00faltimo dia 26 de mar\u00e7o, em Bras\u00edlia. Antes, ele estava no Avante.<\/p>\n","protected":false},"excerpt":{"rendered":"<p>O deputado Andr\u00e9 Janones (Rede) afirmou que far\u00e1 uma campanha \u201cmais baixa que a anterior\u201d contra o senador Fl\u00e1vio Bolsonaro (PL) na disputa eleitoral com o presidente Lula (PT). A declara\u00e7\u00e3o foi enviada \u00e0&nbsp;coluna do jornalista Paulo Cappelli, do Metr\u00f3poles, ap\u00f3s a divulga\u00e7\u00e3o de pesquisa do instituto Atlas, que apontou empate t\u00e9cnico em S\u00e3o Paulo&#8230;<\/p>\n","protected":false},"author":1,"featured_media":10744,"comment_status":"open","ping_status":"closed","sticky":false,"template":"","format":"standard","meta":{"footnotes":""},"categories":[3],"tags":[],"class_list":["post-10743","post","type-post","status-publish","format-standard","has-post-thumbnail","hentry","category-geral"],"_links":{"self":[{"href":"https:\/\/cafecommessias.com.br\/index.php?rest_route=\/wp\/v2\/posts\/10743","targetHints":{"allow":["GET"]}}],"collection":[{"href":"https:\/\/cafecommessias.com.br\/index.php?rest_route=\/wp\/v2\/posts"}],"about":[{"href":"https:\/\/cafecommessias.com.br\/index.php?rest_route=\/wp\/v2\/types\/post"}],"author":[{"embeddable":true,"href":"https:\/\/cafecommessias.com.br\/index.php?rest_route=\/wp\/v2\/users\/1"}],"replies":[{"embeddable":true,"href":"https:\/\/cafecommessias.com.br\/index.php?rest_route=%2Fwp%2Fv2%2Fcomments&post=10743"}],"version-history":[{"count":1,"href":"https:\/\/cafecommessias.com.br\/index.php?rest_route=\/wp\/v2\/posts\/10743\/revisions"}],"predecessor-version":[{"id":10745,"href":"https:\/\/cafecommessias.com.br\/index.php?rest_route=\/wp\/v2\/posts\/10743\/revisions\/10745"}],"wp:featuredmedia":[{"embeddable":true,"href":"https:\/\/cafecommessias.com.br\/index.php?rest_route=\/wp\/v2\/media\/10744"}],"wp:attachment":[{"href":"https:\/\/cafecommessias.com.br\/index.php?rest_route=%2Fwp%2Fv2%2Fmedia&parent=10743"}],"wp:term":[{"taxonomy":"category","embeddable":true,"href":"https:\/\/cafecommessias.com.br\/index.php?rest_route=%2Fwp%2Fv2%2Fcategories&post=10743"},{"taxonomy":"post_tag","embeddable":true,"href":"https:\/\/cafecommessias.com.br\/index.php?rest_route=%2Fwp%2Fv2%2Ftags&post=10743"}],"curies":[{"name":"wp","href":"https:\/\/api.w.org\/{rel}","templated":true}]}}