{"id":10746,"date":"2026-04-03T13:28:23","date_gmt":"2026-04-03T16:28:23","guid":{"rendered":"http:\/\/cafecommessias.com.br\/?p=10746"},"modified":"2026-04-03T13:28:43","modified_gmt":"2026-04-03T16:28:43","slug":"extremoz-realiza-espetaculo-paixao-de-cristo-nesta-sexta-feira-03","status":"publish","type":"post","link":"https:\/\/cafecommessias.com.br\/?p=10746","title":{"rendered":"Extremoz realiza espet\u00e1culo \u201cPaix\u00e3o de Cristo\u201d nesta sexta-feira (03)"},"content":{"rendered":"\n<p>A Prefeitura de Extremoz promove, nesta sexta-feira (03), o tradicional espet\u00e1culo \u201cPaix\u00e3o de Cristo\u201d, refor\u00e7ando uma das mais importantes manifesta\u00e7\u00f5es de f\u00e9 do munic\u00edpio. A encena\u00e7\u00e3o ser\u00e1 realizada a partir das 17h30, em frente \u00e0 Igreja Matriz.<\/p>\n\n\n\n<p>O evento re\u00fane moradores, artistas locais e visitantes em um momento de reflex\u00e3o e celebra\u00e7\u00e3o religiosa, mantendo viva uma tradi\u00e7\u00e3o que atravessa gera\u00e7\u00f5es. A iniciativa integra a programa\u00e7\u00e3o da Semana Santa e busca valorizar a cultura e a espiritualidade da popula\u00e7\u00e3o.<\/p>\n","protected":false},"excerpt":{"rendered":"<p>A Prefeitura de Extremoz promove, nesta sexta-feira (03), o tradicional espet\u00e1culo \u201cPaix\u00e3o de Cristo\u201d, refor\u00e7ando uma das mais importantes manifesta\u00e7\u00f5es de f\u00e9 do munic\u00edpio. A encena\u00e7\u00e3o ser\u00e1 realizada a partir das 17h30, em frente \u00e0 Igreja Matriz. O evento re\u00fane moradores, artistas locais e visitantes em um momento de reflex\u00e3o e celebra\u00e7\u00e3o religiosa, mantendo viva&#8230;<\/p>\n","protected":false},"author":1,"featured_media":10747,"comment_status":"open","ping_status":"open","sticky":false,"template":"","format":"standard","meta":{"footnotes":""},"categories":[8],"tags":[],"class_list":["post-10746","post","type-post","status-publish","format-standard","has-post-thumbnail","hentry","category-cidades"],"_links":{"self":[{"href":"https:\/\/cafecommessias.com.br\/index.php?rest_route=\/wp\/v2\/posts\/10746","targetHints":{"allow":["GET"]}}],"collection":[{"href":"https:\/\/cafecommessias.com.br\/index.php?rest_route=\/wp\/v2\/posts"}],"about":[{"href":"https:\/\/cafecommessias.com.br\/index.php?rest_route=\/wp\/v2\/types\/post"}],"author":[{"embeddable":true,"href":"https:\/\/cafecommessias.com.br\/index.php?rest_route=\/wp\/v2\/users\/1"}],"replies":[{"embeddable":true,"href":"https:\/\/cafecommessias.com.br\/index.php?rest_route=%2Fwp%2Fv2%2Fcomments&post=10746"}],"version-history":[{"count":1,"href":"https:\/\/cafecommessias.com.br\/index.php?rest_route=\/wp\/v2\/posts\/10746\/revisions"}],"predecessor-version":[{"id":10748,"href":"https:\/\/cafecommessias.com.br\/index.php?rest_route=\/wp\/v2\/posts\/10746\/revisions\/10748"}],"wp:featuredmedia":[{"embeddable":true,"href":"https:\/\/cafecommessias.com.br\/index.php?rest_route=\/wp\/v2\/media\/10747"}],"wp:attachment":[{"href":"https:\/\/cafecommessias.com.br\/index.php?rest_route=%2Fwp%2Fv2%2Fmedia&parent=10746"}],"wp:term":[{"taxonomy":"category","embeddable":true,"href":"https:\/\/cafecommessias.com.br\/index.php?rest_route=%2Fwp%2Fv2%2Fcategories&post=10746"},{"taxonomy":"post_tag","embeddable":true,"href":"https:\/\/cafecommessias.com.br\/index.php?rest_route=%2Fwp%2Fv2%2Ftags&post=10746"}],"curies":[{"name":"wp","href":"https:\/\/api.w.org\/{rel}","templated":true}]}}