{"id":10749,"date":"2026-04-03T13:30:09","date_gmt":"2026-04-03T16:30:09","guid":{"rendered":"http:\/\/cafecommessias.com.br\/?p=10749"},"modified":"2026-04-03T13:31:05","modified_gmt":"2026-04-03T16:31:05","slug":"flavio-rocha-transfere-o-titulo-para-o-rn-e-se-filia-ao-partido-novo","status":"publish","type":"post","link":"https:\/\/cafecommessias.com.br\/?p=10749","title":{"rendered":"Fl\u00e1vio Rocha transfere o t\u00edtulo para o RN e se filia ao Partido Novo"},"content":{"rendered":"\n<p>Chegando ao limite do prazo de filia\u00e7\u00e3o, o empres\u00e1rio Fl\u00e1vio Rocha apareceu no sistema do TRE\/RN como eleitor no RN e filiado ao Partido Novo.<\/p>\n\n\n\n<p>O convite do Partido Novo no RN para Fl\u00e1vio se filiar \u00e0 legenda j\u00e1 tinha acontecido h\u00e1 uns 30 dias e se consumou.<\/p>\n\n\n\n<p>Fl\u00e1vio filiado ao Novo e eleitor no RN passa a ser um ativo importante e dispon\u00edvel para as elei\u00e7\u00f5es de 2026 no RN.<\/p>\n\n\n\n<p>O partido Novo no RN \u00e9 presidido pelo administrador Renato Cunha Lima.<\/p>\n\n\n<div class=\"wp-block-post-author\"><div class=\"wp-block-post-author__avatar\"><img alt='' src='https:\/\/secure.gravatar.com\/avatar\/a62bcf199877d37056dc55ccc32b6decbd05abb46ce616ef4c38b16491e4d91d?s=48&#038;r=g' srcset='https:\/\/secure.gravatar.com\/avatar\/a62bcf199877d37056dc55ccc32b6decbd05abb46ce616ef4c38b16491e4d91d?s=96&#038;r=g 2x' class='avatar avatar-48 photo' height='48' width='48' \/><\/div><div class=\"wp-block-post-author__content\"><p class=\"wp-block-post-author__name\">Blogcafecommessias<\/p><\/div><\/div>\n\n\n<p class=\"has-text-align-center\"><strong><em>PUBLICIDADE<\/em><\/strong><\/p>\n\n\n\n<figure class=\"wp-block-image size-full\"><img loading=\"lazy\" decoding=\"async\" width=\"970\" height=\"250\" src=\"http:\/\/cafecommessias.com.br\/wp-content\/uploads\/2026\/03\/Lixo-nas-Ruas_970x250-1.png\" alt=\"\" class=\"wp-image-10455\" srcset=\"https:\/\/cafecommessias.com.br\/wp-content\/uploads\/2026\/03\/Lixo-nas-Ruas_970x250-1.png 970w, https:\/\/cafecommessias.com.br\/wp-content\/uploads\/2026\/03\/Lixo-nas-Ruas_970x250-1-300x77.png 300w, https:\/\/cafecommessias.com.br\/wp-content\/uploads\/2026\/03\/Lixo-nas-Ruas_970x250-1-768x198.png 768w\" sizes=\"auto, (max-width: 970px) 100vw, 970px\" \/><\/figure>\n","protected":false},"excerpt":{"rendered":"<p>Chegando ao limite do prazo de filia\u00e7\u00e3o, o empres\u00e1rio Fl\u00e1vio Rocha apareceu no sistema do TRE\/RN como eleitor no RN e filiado ao Partido Novo. O convite do Partido Novo no RN para Fl\u00e1vio se filiar \u00e0 legenda j\u00e1 tinha acontecido h\u00e1 uns 30 dias e se consumou. Fl\u00e1vio filiado ao Novo e eleitor no&#8230;<\/p>\n","protected":false},"author":1,"featured_media":10750,"comment_status":"open","ping_status":"closed","sticky":false,"template":"","format":"standard","meta":{"footnotes":""},"categories":[4,6],"tags":[],"class_list":["post-10749","post","type-post","status-publish","format-standard","has-post-thumbnail","hentry","category-anuncie-aqui","category-politica"],"_links":{"self":[{"href":"https:\/\/cafecommessias.com.br\/index.php?rest_route=\/wp\/v2\/posts\/10749","targetHints":{"allow":["GET"]}}],"collection":[{"href":"https:\/\/cafecommessias.com.br\/index.php?rest_route=\/wp\/v2\/posts"}],"about":[{"href":"https:\/\/cafecommessias.com.br\/index.php?rest_route=\/wp\/v2\/types\/post"}],"author":[{"embeddable":true,"href":"https:\/\/cafecommessias.com.br\/index.php?rest_route=\/wp\/v2\/users\/1"}],"replies":[{"embeddable":true,"href":"https:\/\/cafecommessias.com.br\/index.php?rest_route=%2Fwp%2Fv2%2Fcomments&post=10749"}],"version-history":[{"count":2,"href":"https:\/\/cafecommessias.com.br\/index.php?rest_route=\/wp\/v2\/posts\/10749\/revisions"}],"predecessor-version":[{"id":10752,"href":"https:\/\/cafecommessias.com.br\/index.php?rest_route=\/wp\/v2\/posts\/10749\/revisions\/10752"}],"wp:featuredmedia":[{"embeddable":true,"href":"https:\/\/cafecommessias.com.br\/index.php?rest_route=\/wp\/v2\/media\/10750"}],"wp:attachment":[{"href":"https:\/\/cafecommessias.com.br\/index.php?rest_route=%2Fwp%2Fv2%2Fmedia&parent=10749"}],"wp:term":[{"taxonomy":"category","embeddable":true,"href":"https:\/\/cafecommessias.com.br\/index.php?rest_route=%2Fwp%2Fv2%2Fcategories&post=10749"},{"taxonomy":"post_tag","embeddable":true,"href":"https:\/\/cafecommessias.com.br\/index.php?rest_route=%2Fwp%2Fv2%2Ftags&post=10749"}],"curies":[{"name":"wp","href":"https:\/\/api.w.org\/{rel}","templated":true}]}}