{"id":10765,"date":"2026-04-03T15:04:55","date_gmt":"2026-04-03T18:04:55","guid":{"rendered":"http:\/\/cafecommessias.com.br\/?p=10765"},"modified":"2026-04-03T15:05:15","modified_gmt":"2026-04-03T18:05:15","slug":"psdb-recebe-filiacao-do-deputado-taveira-junior-e-reforca-nominata-para-as-eleicoes-de-2026","status":"publish","type":"post","link":"https:\/\/cafecommessias.com.br\/?p=10765","title":{"rendered":"PSDB recebe filia\u00e7\u00e3o do deputado Taveira J\u00fanior e refor\u00e7a nominata para as elei\u00e7\u00f5es de 2026"},"content":{"rendered":"\n<p>O deputado estadual Taveira J\u00fanior passou a integrar oficialmente o Partido da Social Democracia Brasileira (PSDB) na manh\u00e3 desta quarta-feira (1\u00ba). A filia\u00e7\u00e3o foi conduzida pelo presidente da Assembleia Legislativa do Rio Grande do Norte e tamb\u00e9m presidente do PSDB no estado, Ezequiel Ferreira.<\/p>\n\n\n\n<p>O ato contou com a presen\u00e7a do prefeito de Natal, Paulinho Freire, do presidente da C\u00e2mara de vereadores da capital, \u00c9riko J\u00e1come, do vereador L\u00e9o Souza, da deputada estadual Cristiane Dantas, do ex-vice-governador F\u00e1bio Dantas, entre outras lideran\u00e7as.<\/p>\n\n\n\n<p>Com forte atua\u00e7\u00e3o pol\u00edtica na regi\u00e3o metropolitana e ra\u00edzes em Parnamirim, Taveira J\u00fanior chega ao PSDB para fortalecer a nominata do partido nas elei\u00e7\u00f5es de 2026. A filia\u00e7\u00e3o representa um novo momento na trajet\u00f3ria do parlamentar, que segue ampliando alian\u00e7as e consolidando seu espa\u00e7o no cen\u00e1rio pol\u00edtico do Rio Grande do Norte.<\/p>\n\n\n\n<p>O deputado j\u00e1 confirmou que ser\u00e1 candidato \u00e0 reelei\u00e7\u00e3o no pr\u00f3ximo m\u00eas de outubro. A expectativa \u00e9 de que, com a nova filia\u00e7\u00e3o, Taveira J\u00fanior amplie sua base de apoio e continue defendendo pautas importantes para o desenvolvimento dos munic\u00edpios potiguares.<\/p>\n","protected":false},"excerpt":{"rendered":"<p>O deputado estadual Taveira J\u00fanior passou a integrar oficialmente o Partido da Social Democracia Brasileira (PSDB) na manh\u00e3 desta quarta-feira (1\u00ba). A filia\u00e7\u00e3o foi conduzida pelo presidente da Assembleia Legislativa do Rio Grande do Norte e tamb\u00e9m presidente do PSDB no estado, Ezequiel Ferreira. O ato contou com a presen\u00e7a do prefeito de Natal, Paulinho&#8230;<\/p>\n","protected":false},"author":1,"featured_media":10766,"comment_status":"open","ping_status":"closed","sticky":false,"template":"","format":"standard","meta":{"footnotes":""},"categories":[6],"tags":[],"class_list":["post-10765","post","type-post","status-publish","format-standard","has-post-thumbnail","hentry","category-politica"],"_links":{"self":[{"href":"https:\/\/cafecommessias.com.br\/index.php?rest_route=\/wp\/v2\/posts\/10765","targetHints":{"allow":["GET"]}}],"collection":[{"href":"https:\/\/cafecommessias.com.br\/index.php?rest_route=\/wp\/v2\/posts"}],"about":[{"href":"https:\/\/cafecommessias.com.br\/index.php?rest_route=\/wp\/v2\/types\/post"}],"author":[{"embeddable":true,"href":"https:\/\/cafecommessias.com.br\/index.php?rest_route=\/wp\/v2\/users\/1"}],"replies":[{"embeddable":true,"href":"https:\/\/cafecommessias.com.br\/index.php?rest_route=%2Fwp%2Fv2%2Fcomments&post=10765"}],"version-history":[{"count":1,"href":"https:\/\/cafecommessias.com.br\/index.php?rest_route=\/wp\/v2\/posts\/10765\/revisions"}],"predecessor-version":[{"id":10767,"href":"https:\/\/cafecommessias.com.br\/index.php?rest_route=\/wp\/v2\/posts\/10765\/revisions\/10767"}],"wp:featuredmedia":[{"embeddable":true,"href":"https:\/\/cafecommessias.com.br\/index.php?rest_route=\/wp\/v2\/media\/10766"}],"wp:attachment":[{"href":"https:\/\/cafecommessias.com.br\/index.php?rest_route=%2Fwp%2Fv2%2Fmedia&parent=10765"}],"wp:term":[{"taxonomy":"category","embeddable":true,"href":"https:\/\/cafecommessias.com.br\/index.php?rest_route=%2Fwp%2Fv2%2Fcategories&post=10765"},{"taxonomy":"post_tag","embeddable":true,"href":"https:\/\/cafecommessias.com.br\/index.php?rest_route=%2Fwp%2Fv2%2Ftags&post=10765"}],"curies":[{"name":"wp","href":"https:\/\/api.w.org\/{rel}","templated":true}]}}