{"id":10768,"date":"2026-04-04T10:30:33","date_gmt":"2026-04-04T13:30:33","guid":{"rendered":"http:\/\/cafecommessias.com.br\/?p=10768"},"modified":"2026-04-04T10:43:09","modified_gmt":"2026-04-04T13:43:09","slug":"natal-tem-quatro-trechos-de-praias-improprios-para-banho-veja-quais-sao","status":"publish","type":"post","link":"https:\/\/cafecommessias.com.br\/?p=10768","title":{"rendered":"Natal tem quatro trechos de praias impr\u00f3prios para banho; veja quais s\u00e3o"},"content":{"rendered":"\n<p>Quatro trechos de praias em Natal est\u00e3o impr\u00f3prios para banho, segundo boletim divulgado nesta sexta-feira (3) pelo Instituto de Desenvolvimento Sustent\u00e1vel e Meio Ambiente (Idema). O levantamento tamb\u00e9m identificou dois pontos inadequados em Parnamirim e N\u00edsia Floresta.<\/p>\n\n\n\n<p><strong>Na capital, os locais impr\u00f3prios s\u00e3o:<\/strong><\/p>\n\n\n\n<ul class=\"wp-block-list\">\n<li>Ponta Negra (Morro do Careca)<\/li>\n\n\n\n<li>Areia Preta (Escadaria de M\u00e3e Lu\u00edza)<\/li>\n\n\n\n<li>Praia do Forte<\/li>\n\n\n\n<li>Redinha (Rio Potengi)<\/li>\n<\/ul>\n\n\n\n<p>Fora de Natal, os pontos s\u00e3o o Rio Pirangi-Pium (Balne\u00e1rio Pium), em Parnamirim, e a Foz do Rio Pirangi, em N\u00edsia Floresta.<\/p>\n\n\n\n<p>O Idema monitora 33 pontos ao longo do ano e avalia a presen\u00e7a de coliformes fecais na \u00e1gua, conforme crit\u00e9rios do Conselho Nacional do Meio Ambiente.<\/p>\n\n\n\n<p>O relat\u00f3rio \u00e9 v\u00e1lido at\u00e9 quinta-feira (9) e ser\u00e1 atualizado na sexta-feira (10). O monitoramento integra o Programa \u00c1gua Azul, realizado em parceria com o Instituto Federal do Rio Grande do Norte e a Funda\u00e7\u00e3o de Apoio \u00e0 Educa\u00e7\u00e3o e ao Desenvolvimento Tecnol\u00f3gico do RN.<\/p>\n\n\n<div class=\"wp-block-post-author\"><div class=\"wp-block-post-author__avatar\"><img alt='' src='https:\/\/secure.gravatar.com\/avatar\/a62bcf199877d37056dc55ccc32b6decbd05abb46ce616ef4c38b16491e4d91d?s=48&#038;r=g' srcset='https:\/\/secure.gravatar.com\/avatar\/a62bcf199877d37056dc55ccc32b6decbd05abb46ce616ef4c38b16491e4d91d?s=96&#038;r=g 2x' class='avatar avatar-48 photo' height='48' width='48' \/><\/div><div class=\"wp-block-post-author__content\"><p class=\"wp-block-post-author__name\">Blogcafecommessias<\/p><\/div><\/div>\n\n\n<p class=\"has-text-align-center\"><strong><em>PUBLICIDADE<\/em><\/strong><\/p>\n\n\n\n<figure class=\"wp-block-image size-full\"><img loading=\"lazy\" decoding=\"async\" width=\"970\" height=\"250\" src=\"http:\/\/cafecommessias.com.br\/wp-content\/uploads\/2026\/04\/Lixo-nas-Ruas_970x250-1.png\" alt=\"\" class=\"wp-image-10686\" srcset=\"https:\/\/cafecommessias.com.br\/wp-content\/uploads\/2026\/04\/Lixo-nas-Ruas_970x250-1.png 970w, https:\/\/cafecommessias.com.br\/wp-content\/uploads\/2026\/04\/Lixo-nas-Ruas_970x250-1-300x77.png 300w, https:\/\/cafecommessias.com.br\/wp-content\/uploads\/2026\/04\/Lixo-nas-Ruas_970x250-1-768x198.png 768w\" sizes=\"auto, (max-width: 970px) 100vw, 970px\" \/><\/figure>\n","protected":false},"excerpt":{"rendered":"<p>Quatro trechos de praias em Natal est\u00e3o impr\u00f3prios para banho, segundo boletim divulgado nesta sexta-feira (3) pelo Instituto de Desenvolvimento Sustent\u00e1vel e Meio Ambiente (Idema). O levantamento tamb\u00e9m identificou dois pontos inadequados em Parnamirim e N\u00edsia Floresta. Na capital, os locais impr\u00f3prios s\u00e3o: Fora de Natal, os pontos s\u00e3o o Rio Pirangi-Pium (Balne\u00e1rio Pium), em&#8230;<\/p>\n","protected":false},"author":1,"featured_media":10769,"comment_status":"open","ping_status":"closed","sticky":false,"template":"","format":"standard","meta":{"footnotes":""},"categories":[4,36],"tags":[],"class_list":["post-10768","post","type-post","status-publish","format-standard","has-post-thumbnail","hentry","category-anuncie-aqui","category-natal"],"_links":{"self":[{"href":"https:\/\/cafecommessias.com.br\/index.php?rest_route=\/wp\/v2\/posts\/10768","targetHints":{"allow":["GET"]}}],"collection":[{"href":"https:\/\/cafecommessias.com.br\/index.php?rest_route=\/wp\/v2\/posts"}],"about":[{"href":"https:\/\/cafecommessias.com.br\/index.php?rest_route=\/wp\/v2\/types\/post"}],"author":[{"embeddable":true,"href":"https:\/\/cafecommessias.com.br\/index.php?rest_route=\/wp\/v2\/users\/1"}],"replies":[{"embeddable":true,"href":"https:\/\/cafecommessias.com.br\/index.php?rest_route=%2Fwp%2Fv2%2Fcomments&post=10768"}],"version-history":[{"count":2,"href":"https:\/\/cafecommessias.com.br\/index.php?rest_route=\/wp\/v2\/posts\/10768\/revisions"}],"predecessor-version":[{"id":10771,"href":"https:\/\/cafecommessias.com.br\/index.php?rest_route=\/wp\/v2\/posts\/10768\/revisions\/10771"}],"wp:featuredmedia":[{"embeddable":true,"href":"https:\/\/cafecommessias.com.br\/index.php?rest_route=\/wp\/v2\/media\/10769"}],"wp:attachment":[{"href":"https:\/\/cafecommessias.com.br\/index.php?rest_route=%2Fwp%2Fv2%2Fmedia&parent=10768"}],"wp:term":[{"taxonomy":"category","embeddable":true,"href":"https:\/\/cafecommessias.com.br\/index.php?rest_route=%2Fwp%2Fv2%2Fcategories&post=10768"},{"taxonomy":"post_tag","embeddable":true,"href":"https:\/\/cafecommessias.com.br\/index.php?rest_route=%2Fwp%2Fv2%2Ftags&post=10768"}],"curies":[{"name":"wp","href":"https:\/\/api.w.org\/{rel}","templated":true}]}}