{"id":10793,"date":"2026-04-04T11:07:36","date_gmt":"2026-04-04T14:07:36","guid":{"rendered":"http:\/\/cafecommessias.com.br\/?p=10793"},"modified":"2026-04-04T11:10:49","modified_gmt":"2026-04-04T14:10:49","slug":"mpf-recomenda-ao-exercito-que-amplie-vagas-para-mulheres-na-forca","status":"publish","type":"post","link":"https:\/\/cafecommessias.com.br\/?p=10793","title":{"rendered":"MPF recomenda ao Ex\u00e9rcito que amplie vagas para mulheres na For\u00e7a"},"content":{"rendered":"\n<p>O MPF (Minist\u00e9rio P\u00fablico Federal) enviou uma recomenda\u00e7\u00e3o ao Ex\u00e9rcito para que, no prazo de 90 dias, apresente um plano de a\u00e7\u00e3o com o objetivo de ampliar a quantidade de vagas destinadas a mulheres na EsPECEx (Escola Preparat\u00f3ria de Cadetes do Ex\u00e9rcito).<\/p>\n\n\n\n<p>A medida visa corrigir desigualdades identificadas em editais recentes e garantir maior equil\u00edbrio e proporcionalidade na distribui\u00e7\u00e3o das vagas nos pr\u00f3ximos cinco anos.<\/p>\n\n\n\n<p>A a\u00e7\u00e3o \u00e9 resultado de um inqu\u00e9rito civil conduzido pela Procuradoria Regional dos Direitos do Cidad\u00e3o do Rio de Janeiro, que investigou poss\u00edveis pr\u00e1ticas discriminat\u00f3rias de g\u00eanero nos \u00faltimos concursos.<\/p>\n\n\n\n<p>No certame do ano passado, por exemplo, das 440 vagas dispon\u00edveis, apenas 40 foram destinadas a mulheres, o que corresponde a menos de 10% do total.<\/p>\n\n\n\n<p>De acordo com o procurador regional dos Direitos do Cidad\u00e3o adjunto, Julio Araujo, que assina a recomenda\u00e7\u00e3o, o Ex\u00e9rcito havia informado que a reserva de vagas para mulheres seria uma pol\u00edtica afirmativa a ser implementada de forma gradual.<\/p>\n\n\n\n<p>No entanto, a institui\u00e7\u00e3o afirmou posteriormente que n\u00e3o possu\u00eda um planejamento para ampliar a oferta de vagas femininas nos cursos de forma\u00e7\u00e3o de Oficiais das Armas, do Quadro de Material B\u00e9lico ou do Servi\u00e7o de Intend\u00eancia.<\/p>\n\n\n\n<p><strong>Limita\u00e7\u00e3o do acesso com base unicamente no g\u00eanero contraria a Constitui\u00e7\u00e3o<\/strong><\/p>\n\n\n\n<p>O documento ressalta que a limita\u00e7\u00e3o do acesso com base unicamente no g\u00eanero contraria a Constitui\u00e7\u00e3o Federal, que assegura a igualdade entre homens e mulheres e veda discrimina\u00e7\u00e3o nos crit\u00e9rios de admiss\u00e3o por motivo de sexo.<\/p>\n\n\n\n<p>O MPF tamb\u00e9m destaca que o Brasil \u00e9 signat\u00e1rio de tratados internacionais que garantem o direito \u00e0 igualdade de oportunidades no emprego e no acesso ao servi\u00e7o p\u00fablico.<\/p>\n\n\n\n<p>A fundamenta\u00e7\u00e3o jur\u00eddica da recomenda\u00e7\u00e3o inclui decis\u00f5es recentes do STF (Supremo Tribunal Federal). A Corte considerou inconstitucional qualquer norma que impe\u00e7a candidatas de concorrerem ao total das vagas ofertadas em concursos de institui\u00e7\u00f5es militares, reafirmando os princ\u00edpios da isonomia e da dignidade da pessoa humana.<\/p>\n\n\n\n<p>Al\u00e9m disso, o MPF lembrou que uma lei de 2012 j\u00e1 estabelecia que a inclus\u00e3o de mulheres na linha militar b\u00e9lica deveria ser viabilizada at\u00e9 cinco anos ap\u00f3s sua publica\u00e7\u00e3o.<\/p>\n\n\n\n<p>Apesar disso, o \u00f3rg\u00e3o considera que ainda existem barreiras arbitr\u00e1rias que dificultam o acesso das mulheres \u00e0s fun\u00e7\u00f5es p\u00fablicas, violando tanto os objetivos do concurso quanto os direitos fundamentais das candidatas.<\/p>\n\n\n\n<p>O MPF tomou essa medida ap\u00f3s o Ex\u00e9rcito recusar a assinatura de um TAC (Termo de Ajustamento de Conduta) para resolver a quest\u00e3o de forma conciliat\u00f3ria.<\/p>\n\n\n\n<p>O Ex\u00e9rcito n\u00e3o havia se manifestado at\u00e9 a publica\u00e7\u00e3o desta mat\u00e9ria.<\/p>\n\n\n\n<p><em><sub>Por CNN Brasil<\/sub><\/em><\/p>\n\n\n\n<p class=\"has-text-align-center\"><strong><em>PUBLICIDADE<\/em><\/strong><\/p>\n\n\n\n<figure class=\"wp-block-image size-full\"><img loading=\"lazy\" decoding=\"async\" width=\"800\" height=\"100\" src=\"http:\/\/cafecommessias.com.br\/wp-content\/uploads\/2026\/03\/Banner-1-ANO-800x100px.png\" alt=\"\" class=\"wp-image-10225\" srcset=\"https:\/\/cafecommessias.com.br\/wp-content\/uploads\/2026\/03\/Banner-1-ANO-800x100px.png 800w, https:\/\/cafecommessias.com.br\/wp-content\/uploads\/2026\/03\/Banner-1-ANO-800x100px-300x38.png 300w, https:\/\/cafecommessias.com.br\/wp-content\/uploads\/2026\/03\/Banner-1-ANO-800x100px-768x96.png 768w\" sizes=\"auto, (max-width: 800px) 100vw, 800px\" \/><\/figure>\n","protected":false},"excerpt":{"rendered":"<p>O MPF (Minist\u00e9rio P\u00fablico Federal) enviou uma recomenda\u00e7\u00e3o ao Ex\u00e9rcito para que, no prazo de 90 dias, apresente um plano de a\u00e7\u00e3o com o objetivo de ampliar a quantidade de vagas destinadas a mulheres na EsPECEx (Escola Preparat\u00f3ria de Cadetes do Ex\u00e9rcito). A medida visa corrigir desigualdades identificadas em editais recentes e garantir maior equil\u00edbrio&#8230;<\/p>\n","protected":false},"author":1,"featured_media":10794,"comment_status":"open","ping_status":"closed","sticky":false,"template":"","format":"standard","meta":{"footnotes":""},"categories":[4,3],"tags":[],"class_list":["post-10793","post","type-post","status-publish","format-standard","has-post-thumbnail","hentry","category-anuncie-aqui","category-geral"],"_links":{"self":[{"href":"https:\/\/cafecommessias.com.br\/index.php?rest_route=\/wp\/v2\/posts\/10793","targetHints":{"allow":["GET"]}}],"collection":[{"href":"https:\/\/cafecommessias.com.br\/index.php?rest_route=\/wp\/v2\/posts"}],"about":[{"href":"https:\/\/cafecommessias.com.br\/index.php?rest_route=\/wp\/v2\/types\/post"}],"author":[{"embeddable":true,"href":"https:\/\/cafecommessias.com.br\/index.php?rest_route=\/wp\/v2\/users\/1"}],"replies":[{"embeddable":true,"href":"https:\/\/cafecommessias.com.br\/index.php?rest_route=%2Fwp%2Fv2%2Fcomments&post=10793"}],"version-history":[{"count":2,"href":"https:\/\/cafecommessias.com.br\/index.php?rest_route=\/wp\/v2\/posts\/10793\/revisions"}],"predecessor-version":[{"id":10797,"href":"https:\/\/cafecommessias.com.br\/index.php?rest_route=\/wp\/v2\/posts\/10793\/revisions\/10797"}],"wp:featuredmedia":[{"embeddable":true,"href":"https:\/\/cafecommessias.com.br\/index.php?rest_route=\/wp\/v2\/media\/10794"}],"wp:attachment":[{"href":"https:\/\/cafecommessias.com.br\/index.php?rest_route=%2Fwp%2Fv2%2Fmedia&parent=10793"}],"wp:term":[{"taxonomy":"category","embeddable":true,"href":"https:\/\/cafecommessias.com.br\/index.php?rest_route=%2Fwp%2Fv2%2Fcategories&post=10793"},{"taxonomy":"post_tag","embeddable":true,"href":"https:\/\/cafecommessias.com.br\/index.php?rest_route=%2Fwp%2Fv2%2Ftags&post=10793"}],"curies":[{"name":"wp","href":"https:\/\/api.w.org\/{rel}","templated":true}]}}