{"id":10805,"date":"2026-04-06T16:50:34","date_gmt":"2026-04-06T19:50:34","guid":{"rendered":"http:\/\/cafecommessias.com.br\/?p=10805"},"modified":"2026-04-06T16:50:35","modified_gmt":"2026-04-06T19:50:35","slug":"governo-anuncia-nova-subvencao-para-baratear-preco-do-diesel","status":"publish","type":"post","link":"https:\/\/cafecommessias.com.br\/?p=10805","title":{"rendered":"Governo anuncia nova subven\u00e7\u00e3o para baratear pre\u00e7o do diesel"},"content":{"rendered":"\n<p>Medida ter\u00e1 efeito em produ\u00e7\u00e3o nacional e importa\u00e7\u00e3o do combust\u00edvel<\/p>\n\n\n\n<p>O governo federal anunciou, nesta segunda-feira (6), uma medida provis\u00f3ria que concede uma nova subven\u00e7\u00e3o ao diesel importado, de R$ 1,20 por litro do combust\u00edvel.<\/p>\n\n\n\n<p>O governo anunciou tamb\u00e9m uma subven\u00e7\u00e3o ao diesel nacional de R$ 0,80 por litro. A medidas consta num pacote de a\u00e7\u00f5es para conter o pre\u00e7o do combust\u00edvel no territ\u00f3rio nacional.<\/p>\n\n\n\n<p>O programa contar\u00e1 ainda com a participa\u00e7\u00e3o dos estados, que ir\u00e3o arcar com R$ 0,60.<\/p>\n\n\n\n<p>Apesar da expectativa por uma unanimidade na ades\u00e3o dos estados ao programa, o ministro Dario Durigan, da Fazenda, informou que 25 estados confirmaram que v\u00e3o aderir \u00e0 proposta.<\/p>\n\n\n\n<p>O governo anunciou tamb\u00e9m uma subven\u00e7\u00e3o ao diesel nacional de R$ 0,80 por litro. <\/p>\n\n\n\n<p>A medidas consta num pacote de a\u00e7\u00f5es para conter o pre\u00e7o do combust\u00edvel no territ\u00f3rio nacional.<\/p>\n\n\n\n<p><sub>por CNN Brasil, Bras\u00edlia<\/sub><\/p>\n\n\n<div class=\"wp-block-post-author\"><div class=\"wp-block-post-author__avatar\"><img alt='' src='https:\/\/secure.gravatar.com\/avatar\/a62bcf199877d37056dc55ccc32b6decbd05abb46ce616ef4c38b16491e4d91d?s=48&#038;r=g' srcset='https:\/\/secure.gravatar.com\/avatar\/a62bcf199877d37056dc55ccc32b6decbd05abb46ce616ef4c38b16491e4d91d?s=96&#038;r=g 2x' class='avatar avatar-48 photo' height='48' width='48' \/><\/div><div class=\"wp-block-post-author__content\"><p class=\"wp-block-post-author__name\">Blogcafecommessias<\/p><\/div><\/div>\n\n\n<figure class=\"wp-block-video\"><video height=\"1080\" style=\"aspect-ratio: 1920 \/ 1080;\" width=\"1920\" controls src=\"http:\/\/cafecommessias.com.br\/wp-content\/uploads\/2026\/04\/JOGUE-LIMPO-CONSCIENTIZACAO.mp4\"><\/video><\/figure>\n","protected":false},"excerpt":{"rendered":"<p>Medida ter\u00e1 efeito em produ\u00e7\u00e3o nacional e importa\u00e7\u00e3o do combust\u00edvel O governo federal anunciou, nesta segunda-feira (6), uma medida provis\u00f3ria que concede uma nova subven\u00e7\u00e3o ao diesel importado, de R$ 1,20 por litro do combust\u00edvel. O governo anunciou tamb\u00e9m uma subven\u00e7\u00e3o ao diesel nacional de R$ 0,80 por litro. A medidas consta num pacote de&#8230;<\/p>\n","protected":false},"author":1,"featured_media":10806,"comment_status":"open","ping_status":"open","sticky":false,"template":"","format":"standard","meta":{"footnotes":""},"categories":[4,7],"tags":[],"class_list":["post-10805","post","type-post","status-publish","format-standard","has-post-thumbnail","hentry","category-anuncie-aqui","category-economia"],"_links":{"self":[{"href":"https:\/\/cafecommessias.com.br\/index.php?rest_route=\/wp\/v2\/posts\/10805","targetHints":{"allow":["GET"]}}],"collection":[{"href":"https:\/\/cafecommessias.com.br\/index.php?rest_route=\/wp\/v2\/posts"}],"about":[{"href":"https:\/\/cafecommessias.com.br\/index.php?rest_route=\/wp\/v2\/types\/post"}],"author":[{"embeddable":true,"href":"https:\/\/cafecommessias.com.br\/index.php?rest_route=\/wp\/v2\/users\/1"}],"replies":[{"embeddable":true,"href":"https:\/\/cafecommessias.com.br\/index.php?rest_route=%2Fwp%2Fv2%2Fcomments&post=10805"}],"version-history":[{"count":1,"href":"https:\/\/cafecommessias.com.br\/index.php?rest_route=\/wp\/v2\/posts\/10805\/revisions"}],"predecessor-version":[{"id":10808,"href":"https:\/\/cafecommessias.com.br\/index.php?rest_route=\/wp\/v2\/posts\/10805\/revisions\/10808"}],"wp:featuredmedia":[{"embeddable":true,"href":"https:\/\/cafecommessias.com.br\/index.php?rest_route=\/wp\/v2\/media\/10806"}],"wp:attachment":[{"href":"https:\/\/cafecommessias.com.br\/index.php?rest_route=%2Fwp%2Fv2%2Fmedia&parent=10805"}],"wp:term":[{"taxonomy":"category","embeddable":true,"href":"https:\/\/cafecommessias.com.br\/index.php?rest_route=%2Fwp%2Fv2%2Fcategories&post=10805"},{"taxonomy":"post_tag","embeddable":true,"href":"https:\/\/cafecommessias.com.br\/index.php?rest_route=%2Fwp%2Fv2%2Ftags&post=10805"}],"curies":[{"name":"wp","href":"https:\/\/api.w.org\/{rel}","templated":true}]}}