{"id":10809,"date":"2026-04-06T16:56:02","date_gmt":"2026-04-06T19:56:02","guid":{"rendered":"http:\/\/cafecommessias.com.br\/?p=10809"},"modified":"2026-04-06T16:56:03","modified_gmt":"2026-04-06T19:56:03","slug":"trump-exige-livre-trafego-de-petroleo-em-eventual-acordo-com-ira","status":"publish","type":"post","link":"https:\/\/cafecommessias.com.br\/?p=10809","title":{"rendered":"Trump exige livre tr\u00e1fego de petr\u00f3leo em eventual acordo com Ir\u00e3"},"content":{"rendered":"\n<p>Presidente americano diz que reabertura estreito \u00e9 prioridade &#8220;muito grande&#8221; para encerrar o conflito<\/p>\n\n\n\n<p>A reabertura do Estreito de Ormuz deve fazer parte de uma proposta para encerrar a guerra com o Ir\u00e3, disse o presidente Donald Trump.<\/p>\n\n\n\n<p>\u201cTemos que ter um acordo que seja aceit\u00e1vel para mim, e parte desse acordo ser\u00e1 garantir o livre tr\u00e1fego de petr\u00f3leo e de tudo mais\u201d, afirmou ele em uma coletiva de imprensa na Casa Branca nesta segunda (6).<\/p>\n\n\n\n<p>O presidente tamb\u00e9m reconheceu que reabrir o Estreito de Ormuz \u00e9 \u201cdiferente\u201d de seus outros objetivos, enquanto negociadores trabalham para p\u00f4r fim \u00e0\u00a0guerra com o Ir\u00e3.<\/p>\n\n\n\n<p>Trump j\u00e1 havia dito anteriormente que uma proposta apresentada por outros pa\u00edses para um cessar-fogo de 45 dias \u201cn\u00e3o \u00e9 suficiente\u201d.<\/p>\n\n\n\n<p>O plano de cessar-fogo \u00e9 visto como uma tentativa de \u00faltima hora de evitar ataques massivos a\u00a0usinas de energia iranianas\u00a0e outras infraestruturas, que Trump amea\u00e7ou realizar caso o Estreito de Ormuz continue bloqueado.<\/p>\n\n\n\n<p>Questionado por Kristen Holmes, da&nbsp;<strong>CNN<\/strong>, se aceitaria um acordo que n\u00e3o inclu\u00edsse a abertura do estreito ou se isso agora \u00e9 uma prioridade, Trump respondeu: \u201cEu diria que \u00e9 uma prioridade muito grande.\u201d<\/p>\n\n\n\n<p>O presidente tamb\u00e9m afirmou n\u00e3o ter certeza se Teer\u00e3 ainda tem capacidade de lan\u00e7ar minas no Estreito de Ormuz.<\/p>\n\n\n\n<p>\u201cEles n\u00e3o t\u00eam mais quem lance minas\u201d, disse. \u201cNem tenho certeza se ainda h\u00e1 minas l\u00e1, ali\u00e1s. \u2026 Acho que pode n\u00e3o haver nenhuma, porque eles s\u00e3o muito bons em inventar coisas.\u201d<\/p>\n\n\n\n<h2 class=\"wp-block-heading\">O que est\u00e1 acontecendo no Oriente M\u00e9dio?<\/h2>\n\n\n\n<p>Os Estados Unidos e Israel est\u00e3o em guerra com o Ir\u00e3. O conflito teve in\u00edcio no dia 28 de fevereiro, quando um ataque coordenado entre os dois pa\u00edses\u00a0matou o l\u00edder supremo do pa\u00eds, Ali Khamenei, em Teer\u00e3.<\/p>\n\n\n\n<p>Diversas autoridades do alto escal\u00e3o do regime iraniano tamb\u00e9m foram mortas. Al\u00e9m disso, os EUA alegam ter\u00a0destru\u00eddo dezenas de navios do pa\u00eds, assim como sistemas de defesa a\u00e9rea, avi\u00f5es e outros alvos militares.<\/p>\n\n\n\n<p>Em retalia\u00e7\u00e3o, o regime dos aiatol\u00e1s fez ataques<a href=\"https:\/\/www.cnnbrasil.com.br\/internacional\/ataques-do-ira-a-paises-do-golfo-deterioram-aliancas-com-eua-diz-professor\/\" target=\"_blank\" rel=\"noreferrer noopener\">&nbsp;contra diversos pa\u00edses da regi\u00e3o<\/a>, como Emirados \u00c1rabes Unidos, Ar\u00e1bia Saudita, Catar, Bahrein, Kuwait, Jord\u00e2nia, Iraque e Om\u00e3. As autoridades iranianas dizem que t\u00eam como alvo apenas interesses dos Estados Unidos e Israel nessas na\u00e7\u00f5es.<\/p>\n\n\n\n<p>Mais de 1.750 civis morreram no Ir\u00e3 desde o in\u00edcio da guerra, segundo a Ag\u00eancia de Not\u00edcias de Ativistas de Direitos Humanos, que tem sede nos EUA. A Casa Branca, por sua vez, registrou ao menos 13 mortes de soldados americanos em rela\u00e7\u00e3o direta aos ataques iranianos.<\/p>\n\n\n\n<p>O conflito tamb\u00e9m se\u00a0expandiu para o L\u00edbano. O Hezbollah, um grupo armado apoiado pelo Ir\u00e3,\u00a0atacou o territ\u00f3rio israelense\u00a0em retalia\u00e7\u00e3o \u00e0 morte de Ali Khamenei. Com isso, Israel tem realizado ofensivas a\u00e9reas contra o que diz ser alvo do Hezbollah no pa\u00eds vizinho. Centenas de pessoas morreram no territ\u00f3rio liban\u00eas desde ent\u00e3o.<\/p>\n\n\n\n<p>Com a morte de grande parte de sua lideran\u00e7a, um conselho do Ir\u00e3 elegeu um novo l\u00edder supremo:\u00a0Mojtaba Khamenei, filho de Ali Khamenei. Especialistas apontam que ele\u00a0n\u00e3o far\u00e1 mudan\u00e7as estruturais\u00a0e representa\u00a0continuidade da repress\u00e3o.<\/p>\n\n\n\n<p>Donald Trump mostrou descontentamento com essa escolha, a\u00a0classificando como um &#8220;grande erro&#8221;. Ele havia dito que precisaria estar envolvido no processo e pontuou que Mojtaba seria &#8220;inaceit\u00e1vel&#8221; para a lideran\u00e7a do Ir\u00e3.<\/p>\n\n\n\n<p><sub>por CNN<\/sub><\/p>\n\n\n<div class=\"wp-block-post-author\"><div class=\"wp-block-post-author__avatar\"><img alt='' src='https:\/\/secure.gravatar.com\/avatar\/a62bcf199877d37056dc55ccc32b6decbd05abb46ce616ef4c38b16491e4d91d?s=48&#038;r=g' srcset='https:\/\/secure.gravatar.com\/avatar\/a62bcf199877d37056dc55ccc32b6decbd05abb46ce616ef4c38b16491e4d91d?s=96&#038;r=g 2x' class='avatar avatar-48 photo' height='48' width='48' \/><\/div><div class=\"wp-block-post-author__content\"><p class=\"wp-block-post-author__name\">Blogcafecommessias<\/p><\/div><\/div>\n\n\n<figure class=\"wp-block-image size-full\"><img loading=\"lazy\" decoding=\"async\" width=\"750\" height=\"200\" src=\"http:\/\/cafecommessias.com.br\/wp-content\/uploads\/2026\/04\/Lixo-nas-Ruas_750x200.png\" alt=\"\" class=\"wp-image-10810\" srcset=\"https:\/\/cafecommessias.com.br\/wp-content\/uploads\/2026\/04\/Lixo-nas-Ruas_750x200.png 750w, https:\/\/cafecommessias.com.br\/wp-content\/uploads\/2026\/04\/Lixo-nas-Ruas_750x200-300x80.png 300w\" sizes=\"auto, (max-width: 750px) 100vw, 750px\" \/><\/figure>\n","protected":false},"excerpt":{"rendered":"<p>Presidente americano diz que reabertura estreito \u00e9 prioridade &#8220;muito grande&#8221; para encerrar o conflito A reabertura do Estreito de Ormuz deve fazer parte de uma proposta para encerrar a guerra com o Ir\u00e3, disse o presidente Donald Trump. \u201cTemos que ter um acordo que seja aceit\u00e1vel para mim, e parte desse acordo ser\u00e1 garantir o&#8230;<\/p>\n","protected":false},"author":1,"featured_media":10811,"comment_status":"open","ping_status":"open","sticky":false,"template":"","format":"standard","meta":{"footnotes":""},"categories":[2],"tags":[],"class_list":["post-10809","post","type-post","status-publish","format-standard","has-post-thumbnail","hentry","category-internacional"],"_links":{"self":[{"href":"https:\/\/cafecommessias.com.br\/index.php?rest_route=\/wp\/v2\/posts\/10809","targetHints":{"allow":["GET"]}}],"collection":[{"href":"https:\/\/cafecommessias.com.br\/index.php?rest_route=\/wp\/v2\/posts"}],"about":[{"href":"https:\/\/cafecommessias.com.br\/index.php?rest_route=\/wp\/v2\/types\/post"}],"author":[{"embeddable":true,"href":"https:\/\/cafecommessias.com.br\/index.php?rest_route=\/wp\/v2\/users\/1"}],"replies":[{"embeddable":true,"href":"https:\/\/cafecommessias.com.br\/index.php?rest_route=%2Fwp%2Fv2%2Fcomments&post=10809"}],"version-history":[{"count":1,"href":"https:\/\/cafecommessias.com.br\/index.php?rest_route=\/wp\/v2\/posts\/10809\/revisions"}],"predecessor-version":[{"id":10812,"href":"https:\/\/cafecommessias.com.br\/index.php?rest_route=\/wp\/v2\/posts\/10809\/revisions\/10812"}],"wp:featuredmedia":[{"embeddable":true,"href":"https:\/\/cafecommessias.com.br\/index.php?rest_route=\/wp\/v2\/media\/10811"}],"wp:attachment":[{"href":"https:\/\/cafecommessias.com.br\/index.php?rest_route=%2Fwp%2Fv2%2Fmedia&parent=10809"}],"wp:term":[{"taxonomy":"category","embeddable":true,"href":"https:\/\/cafecommessias.com.br\/index.php?rest_route=%2Fwp%2Fv2%2Fcategories&post=10809"},{"taxonomy":"post_tag","embeddable":true,"href":"https:\/\/cafecommessias.com.br\/index.php?rest_route=%2Fwp%2Fv2%2Ftags&post=10809"}],"curies":[{"name":"wp","href":"https:\/\/api.w.org\/{rel}","templated":true}]}}