{"id":10816,"date":"2026-04-06T17:07:36","date_gmt":"2026-04-06T20:07:36","guid":{"rendered":"http:\/\/cafecommessias.com.br\/?p=10816"},"modified":"2026-04-06T17:07:36","modified_gmt":"2026-04-06T20:07:36","slug":"menina-com-doenca-rara-na-ba-e-selecionada-para-terapia-genica-experimental","status":"publish","type":"post","link":"https:\/\/cafecommessias.com.br\/?p=10816","title":{"rendered":"Menina com doen\u00e7a rara na BA \u00e9 selecionada para terapia g\u00eanica experimental"},"content":{"rendered":"\n<p>Aurora Lima Nery, de 3 anos, tem distrofia muscular de cinturas tipo R5 e deve passar por triagem nos Estados Unidos; tratamento busca conter avan\u00e7o de condi\u00e7\u00e3o progressiva que pode comprometer fun\u00e7\u00f5es vitais<\/p>\n\n\n\n<p>Uma\u00a0crian\u00e7a de 3 anos e 11 meses, moradora de Feira de Santana, no interior da Bahia, foi selecionada para um tratamento experimental de terapia g\u00eanica nos Estados Unidos\u00a0ap\u00f3s ser diagnosticada com uma doen\u00e7a rara e progressiva que afeta os m\u00fasculos. Aurora Lima Nery tem distrofia muscular de cinturas tipo R5, condi\u00e7\u00e3o que pode comprometer fun\u00e7\u00f5es vitais ao longo do tempo.<\/p>\n\n\n\n<p>Segundo a m\u00e3e da crian\u00e7a, Emanuele Lima, os primeiros sinais n\u00e3o foram percebidos de imediato. \u201cFoi uma gesta\u00e7\u00e3o tranquila, ela nasceu bem, teve todos os marcos normais, sentou antes do tempo, falou, caminhou. Tudo estava indo muito bem\u201d, afirma.<\/p>\n\n\n\n<p>O quadro mudou ap\u00f3s o primeiro ano de vida, quando Aurora teve um desmaio e precisou ser internada em uma UTI. A suspeita inicial era de miosite viral, mas exames posteriores mostraram n\u00edveis muito elevados de CPK, uma enzima associada \u00e0 les\u00e3o muscular, o que levantou a hip\u00f3tese de uma doen\u00e7a mais grave.<\/p>\n\n\n\n<p>Ao longo de cerca de um ano, a crian\u00e7a passou por diferentes interna\u00e7\u00f5es e avalia\u00e7\u00f5es m\u00e9dicas em unidades de sa\u00fade na Bahia e em outros estados. O diagn\u00f3stico definitivo veio apenas ap\u00f3s a realiza\u00e7\u00e3o de testes gen\u00e9ticos voltados para\u00a0<strong>doen\u00e7as raras<\/strong>.<\/p>\n\n\n\n<p>\u201cRecebi o diagn\u00f3stico por mensagem. Foi assim que descobri que minha filha tinha distrofia de cinturas\u201d, relata a m\u00e3e.<\/p>\n\n\n\n<p>Hoje, prestes a completar quatro anos, Aurora come\u00e7a a apresentar sinais cl\u00ednicos da doen\u00e7a, como encurtamentos musculares e fadiga ap\u00f3s esfor\u00e7o f\u00edsico. Segundo a fam\u00edlia, atividades comuns para outras crian\u00e7as, como correr ou brincar por longos per\u00edodos, podem causar dor e exaust\u00e3o.<\/p>\n\n\n\n<figure class=\"wp-block-image size-large\"><img loading=\"lazy\" decoding=\"async\" width=\"682\" height=\"1024\" src=\"http:\/\/cafecommessias.com.br\/wp-content\/uploads\/2026\/04\/WhatsApp-Image-2026-04-06-at-14.30.31-682x1024.webp\" alt=\"\" class=\"wp-image-10817\" srcset=\"https:\/\/cafecommessias.com.br\/wp-content\/uploads\/2026\/04\/WhatsApp-Image-2026-04-06-at-14.30.31-682x1024.webp 682w, https:\/\/cafecommessias.com.br\/wp-content\/uploads\/2026\/04\/WhatsApp-Image-2026-04-06-at-14.30.31-200x300.webp 200w, https:\/\/cafecommessias.com.br\/wp-content\/uploads\/2026\/04\/WhatsApp-Image-2026-04-06-at-14.30.31-768x1152.webp 768w, https:\/\/cafecommessias.com.br\/wp-content\/uploads\/2026\/04\/WhatsApp-Image-2026-04-06-at-14.30.31.webp 849w\" sizes=\"auto, (max-width: 682px) 100vw, 682px\" \/><figcaption class=\"wp-element-caption\">Aurora Lima Nery, de 3 anos, tem distrofia muscular de cinturas tipo R5 \u2022 Arquivo pessoal<\/figcaption><\/figure>\n\n\n\n<p>A distrofia muscular de cinturas tipo R5 \u00e9 considerada uma forma grave da doen\u00e7a. Sem tratamento especializado, pode evoluir para perda de mobilidade, comprometimento respirat\u00f3rio e card\u00edaco. Relat\u00f3rios m\u00e9dicos apontam expectativa de vida de at\u00e9 20 a 25 anos nesses casos.<\/p>\n\n\n\n<h3 class=\"wp-block-heading\">Tratamento experimental<\/h3>\n\n\n\n<p>Diante do diagn\u00f3stico, a fam\u00edlia buscou alternativas e conseguiu a inclus\u00e3o de Aurora em um estudo experimental nos Estados Unidos. A menina deve passar por uma triagem inicial em Richmond, onde ser\u00e1 avaliada para a poss\u00edvel aplica\u00e7\u00e3o do medicamento, ainda em fase de estudo. O tratamento tem como objetivo estabilizar a doen\u00e7a e impedir a progress\u00e3o dos sintomas.<\/p>\n\n\n\n<p>O tratamento \u00e9 baseado em<strong>\u00a0terapia g\u00eanica<\/strong>\u00a0e busca atuar diretamente na causa da doen\u00e7a. O procedimento utiliza um v\u00edrus modificado para levar ao organismo a prote\u00edna que falta ou n\u00e3o funciona corretamente, com o objetivo de preservar a fun\u00e7\u00e3o muscular.<\/p>\n\n\n\n<p>Segundo a m\u00e3e, o processo come\u00e7a com a realiza\u00e7\u00e3o de exames nos Estados Unidos para confirmar se a crian\u00e7a atende aos crit\u00e9rios do estudo. Ap\u00f3s essa etapa, a fam\u00edlia retorna ao Brasil e aguarda a an\u00e1lise dos resultados. Caso seja aprovada, Aurora ser\u00e1 convocada para uma nova viagem, quando poder\u00e1 receber o medicamento. A previs\u00e3o \u00e9 de que a primeira ida ao pa\u00eds ocorra entre setembro e outubro deste ano.<\/p>\n\n\n\n<p>O tratamento \u00e9 feito em ambiente hospitalar e exige acompanhamento intensivo. Depois do procedimento, a crian\u00e7a dever\u00e1 permanecer nos Estados Unidos por cerca de seis meses, per\u00edodo em que passar\u00e1 por um protocolo de redu\u00e7\u00e3o da imunidade para evitar rejei\u00e7\u00e3o ao tratamento. Por causa disso, o isolamento \u00e9 rigoroso, j\u00e1 que infec\u00e7\u00f5es comuns podem representar riscos.<\/p>\n\n\n\n<p>A participa\u00e7\u00e3o n\u00e3o ter\u00e1 custo com a medica\u00e7\u00e3o ou interna\u00e7\u00e3o, mas a fam\u00edlia precisar\u00e1 arcar com despesas de viagem e estadia, al\u00e9m da perman\u00eancia no exterior.<\/p>\n\n\n\n<p>Emanuele afirma que a expectativa \u00e9 conter a doen\u00e7a antes do avan\u00e7o dos sintomas. \u201cO objetivo \u00e9 estabilizar enquanto ela ainda est\u00e1 bem. Isso pode mudar completamente o curso da doen\u00e7a\u201d, diz.<\/p>\n\n\n\n<p>Desde o diagn\u00f3stico, a rotina da fam\u00edlia foi alterada. A m\u00e3e interrompeu o trabalho e passou a se dedicar integralmente aos cuidados da filha, que realiza acompanhamento com fisioterapia e com outros especialistas.<\/p>\n\n\n\n<p>Apesar das limita\u00e7\u00f5es, Aurora ainda mant\u00e9m parte das atividades di\u00e1rias, com restri\u00e7\u00f5es para evitar desgaste muscular. A fam\u00edlia espera que o tratamento experimental possa impedir a<strong>\u00a0progress\u00e3o da doen\u00e7a<\/strong>\u00a0e melhorar a qualidade de vida da crian\u00e7a.<\/p>\n\n\n\n<p>por CNN Brasil<\/p>\n\n\n<div class=\"wp-block-post-author\"><div class=\"wp-block-post-author__avatar\"><img alt='' src='https:\/\/secure.gravatar.com\/avatar\/a62bcf199877d37056dc55ccc32b6decbd05abb46ce616ef4c38b16491e4d91d?s=48&#038;r=g' srcset='https:\/\/secure.gravatar.com\/avatar\/a62bcf199877d37056dc55ccc32b6decbd05abb46ce616ef4c38b16491e4d91d?s=96&#038;r=g 2x' class='avatar avatar-48 photo' height='48' width='48' \/><\/div><div class=\"wp-block-post-author__content\"><p class=\"wp-block-post-author__name\">Blogcafecommessias<\/p><\/div><\/div>","protected":false},"excerpt":{"rendered":"<p>Aurora Lima Nery, de 3 anos, tem distrofia muscular de cinturas tipo R5 e deve passar por triagem nos Estados Unidos; tratamento busca conter avan\u00e7o de condi\u00e7\u00e3o progressiva que pode comprometer fun\u00e7\u00f5es vitais Uma\u00a0crian\u00e7a de 3 anos e 11 meses, moradora de Feira de Santana, no interior da Bahia, foi selecionada para um tratamento experimental&#8230;<\/p>\n","protected":false},"author":1,"featured_media":10818,"comment_status":"open","ping_status":"open","sticky":false,"template":"","format":"standard","meta":{"footnotes":""},"categories":[1],"tags":[],"class_list":["post-10816","post","type-post","status-publish","format-standard","has-post-thumbnail","hentry","category-saude"],"_links":{"self":[{"href":"https:\/\/cafecommessias.com.br\/index.php?rest_route=\/wp\/v2\/posts\/10816","targetHints":{"allow":["GET"]}}],"collection":[{"href":"https:\/\/cafecommessias.com.br\/index.php?rest_route=\/wp\/v2\/posts"}],"about":[{"href":"https:\/\/cafecommessias.com.br\/index.php?rest_route=\/wp\/v2\/types\/post"}],"author":[{"embeddable":true,"href":"https:\/\/cafecommessias.com.br\/index.php?rest_route=\/wp\/v2\/users\/1"}],"replies":[{"embeddable":true,"href":"https:\/\/cafecommessias.com.br\/index.php?rest_route=%2Fwp%2Fv2%2Fcomments&post=10816"}],"version-history":[{"count":1,"href":"https:\/\/cafecommessias.com.br\/index.php?rest_route=\/wp\/v2\/posts\/10816\/revisions"}],"predecessor-version":[{"id":10819,"href":"https:\/\/cafecommessias.com.br\/index.php?rest_route=\/wp\/v2\/posts\/10816\/revisions\/10819"}],"wp:featuredmedia":[{"embeddable":true,"href":"https:\/\/cafecommessias.com.br\/index.php?rest_route=\/wp\/v2\/media\/10818"}],"wp:attachment":[{"href":"https:\/\/cafecommessias.com.br\/index.php?rest_route=%2Fwp%2Fv2%2Fmedia&parent=10816"}],"wp:term":[{"taxonomy":"category","embeddable":true,"href":"https:\/\/cafecommessias.com.br\/index.php?rest_route=%2Fwp%2Fv2%2Fcategories&post=10816"},{"taxonomy":"post_tag","embeddable":true,"href":"https:\/\/cafecommessias.com.br\/index.php?rest_route=%2Fwp%2Fv2%2Ftags&post=10816"}],"curies":[{"name":"wp","href":"https:\/\/api.w.org\/{rel}","templated":true}]}}