{"id":10827,"date":"2026-04-07T07:17:06","date_gmt":"2026-04-07T10:17:06","guid":{"rendered":"http:\/\/cafecommessias.com.br\/?p=10827"},"modified":"2026-04-07T07:17:29","modified_gmt":"2026-04-07T10:17:29","slug":"bolsonaro-aciona-stf-contra-janones-por-ofensas-em-redes-sociais","status":"publish","type":"post","link":"https:\/\/cafecommessias.com.br\/?p=10827","title":{"rendered":"Bolsonaro aciona STF contra Janones por ofensas em redes sociais"},"content":{"rendered":"\n<p>Uma a\u00e7\u00e3o judicial apresentada ao&nbsp;Supremo Tribunal Federal&nbsp;colocou frente a frente o ex-presidente&nbsp;Jair Bolsonaro&nbsp;e o deputado&nbsp;Andr\u00e9 Janones. A queixa-crime foi protocolada no fim de mar\u00e7o pela defesa do ex-chefe do Executivo.<\/p>\n\n\n\n<p>Os advogados alegam que o parlamentar publicou v\u00eddeos com declara\u00e7\u00f5es ofensivas, incluindo xingamentos e acusa\u00e7\u00f5es graves. Entre os pontos citados, est\u00e1 a afirma\u00e7\u00e3o de que Bolsonaro teria liga\u00e7\u00e3o com supostos planos de atentado contra autoridades, o que, segundo a defesa, ultrapassa os limites legais.<\/p>\n\n\n\n<p>No documento enviado \u00e0 Corte, os representantes do ex-presidente sustentam que houve abuso da liberdade de express\u00e3o, com conte\u00fados que configurariam crimes contra a honra, como cal\u00fania e inj\u00faria.<\/p>\n\n\n\n<p>Outro argumento apresentado \u00e9 que Bolsonaro, atualmente em pris\u00e3o domiciliar, estaria com limita\u00e7\u00f5es para responder diretamente \u00e0s acusa\u00e7\u00f5es. A defesa usa esse ponto para refor\u00e7ar a necessidade de an\u00e1lise do caso pelo Judici\u00e1rio.<\/p>\n\n\n\n<p>A chamada queixa-crime \u00e9 um instrumento jur\u00eddico utilizado quando a pr\u00f3pria v\u00edtima decide acionar a Justi\u00e7a em casos espec\u00edficos, geralmente relacionados a ofensas pessoais. Situa\u00e7\u00f5es como difama\u00e7\u00e3o, inj\u00faria e cal\u00fania costumam ser tratadas por esse tipo de a\u00e7\u00e3o.<\/p>\n\n\n\n<p class=\"has-text-align-center\"><strong><em>PUBLICIDADE<\/em><\/strong><\/p>\n\n\n\n<figure class=\"wp-block-image size-full\"><img loading=\"lazy\" decoding=\"async\" width=\"750\" height=\"200\" src=\"http:\/\/cafecommessias.com.br\/wp-content\/uploads\/2026\/04\/Lixo-nas-Ruas_750x200.png\" alt=\"\" class=\"wp-image-10810\" srcset=\"https:\/\/cafecommessias.com.br\/wp-content\/uploads\/2026\/04\/Lixo-nas-Ruas_750x200.png 750w, https:\/\/cafecommessias.com.br\/wp-content\/uploads\/2026\/04\/Lixo-nas-Ruas_750x200-300x80.png 300w\" sizes=\"auto, (max-width: 750px) 100vw, 750px\" \/><\/figure>\n","protected":false},"excerpt":{"rendered":"<p>Uma a\u00e7\u00e3o judicial apresentada ao&nbsp;Supremo Tribunal Federal&nbsp;colocou frente a frente o ex-presidente&nbsp;Jair Bolsonaro&nbsp;e o deputado&nbsp;Andr\u00e9 Janones. A queixa-crime foi protocolada no fim de mar\u00e7o pela defesa do ex-chefe do Executivo. Os advogados alegam que o parlamentar publicou v\u00eddeos com declara\u00e7\u00f5es ofensivas, incluindo xingamentos e acusa\u00e7\u00f5es graves. Entre os pontos citados, est\u00e1 a afirma\u00e7\u00e3o de que&#8230;<\/p>\n","protected":false},"author":1,"featured_media":10828,"comment_status":"open","ping_status":"closed","sticky":false,"template":"","format":"standard","meta":{"footnotes":""},"categories":[4,3],"tags":[],"class_list":["post-10827","post","type-post","status-publish","format-standard","has-post-thumbnail","hentry","category-anuncie-aqui","category-geral"],"_links":{"self":[{"href":"https:\/\/cafecommessias.com.br\/index.php?rest_route=\/wp\/v2\/posts\/10827","targetHints":{"allow":["GET"]}}],"collection":[{"href":"https:\/\/cafecommessias.com.br\/index.php?rest_route=\/wp\/v2\/posts"}],"about":[{"href":"https:\/\/cafecommessias.com.br\/index.php?rest_route=\/wp\/v2\/types\/post"}],"author":[{"embeddable":true,"href":"https:\/\/cafecommessias.com.br\/index.php?rest_route=\/wp\/v2\/users\/1"}],"replies":[{"embeddable":true,"href":"https:\/\/cafecommessias.com.br\/index.php?rest_route=%2Fwp%2Fv2%2Fcomments&post=10827"}],"version-history":[{"count":1,"href":"https:\/\/cafecommessias.com.br\/index.php?rest_route=\/wp\/v2\/posts\/10827\/revisions"}],"predecessor-version":[{"id":10829,"href":"https:\/\/cafecommessias.com.br\/index.php?rest_route=\/wp\/v2\/posts\/10827\/revisions\/10829"}],"wp:featuredmedia":[{"embeddable":true,"href":"https:\/\/cafecommessias.com.br\/index.php?rest_route=\/wp\/v2\/media\/10828"}],"wp:attachment":[{"href":"https:\/\/cafecommessias.com.br\/index.php?rest_route=%2Fwp%2Fv2%2Fmedia&parent=10827"}],"wp:term":[{"taxonomy":"category","embeddable":true,"href":"https:\/\/cafecommessias.com.br\/index.php?rest_route=%2Fwp%2Fv2%2Fcategories&post=10827"},{"taxonomy":"post_tag","embeddable":true,"href":"https:\/\/cafecommessias.com.br\/index.php?rest_route=%2Fwp%2Fv2%2Ftags&post=10827"}],"curies":[{"name":"wp","href":"https:\/\/api.w.org\/{rel}","templated":true}]}}