{"id":10833,"date":"2026-04-07T07:21:32","date_gmt":"2026-04-07T10:21:32","guid":{"rendered":"http:\/\/cafecommessias.com.br\/?p=10833"},"modified":"2026-04-07T07:22:02","modified_gmt":"2026-04-07T10:22:02","slug":"suspensa-paralisacao-do-transporte-intermunicipal-no-rn-acaba-apos-acordo-entre-empresas-e-trabalhadores","status":"publish","type":"post","link":"https:\/\/cafecommessias.com.br\/?p=10833","title":{"rendered":"\u201cSUSPENSA\u201d: Paralisa\u00e7\u00e3o do transporte intermunicipal no RN acaba ap\u00f3s acordo entre empresas e trabalhadores"},"content":{"rendered":"\n<p>A\u00a0paralisa\u00e7\u00e3o do transporte intermunicipal no RN\u00a0foi suspensa nesta segunda-feira (6) ap\u00f3s uma reuni\u00e3o entre representantes dos trabalhadores e das empresas do setor, com intermedia\u00e7\u00e3o do Governo do Estado. De acordo com o Executivo estadual, o encontro resultou em um acordo para retomar as opera\u00e7\u00f5es das linhas.<\/p>\n\n\n\n<p>Segundo representantes das categorias, a paralisa\u00e7\u00e3o havia sido iniciada por causa de atraso no pagamento de sal\u00e1rios e de demiss\u00f5es anunciadas por empresas do sistema. O movimento afetou linhas que ligam Natal a cidades da regi\u00e3o metropolitana e tamb\u00e9m ao interior do estado.<\/p>\n\n\n\n<p>Durante a reuni\u00e3o, as partes pactuaram a suspens\u00e3o do movimento paredista, a retomada das viagens e a cria\u00e7\u00e3o de uma mesa permanente de negocia\u00e7\u00e3o. Conforme o que foi acordado no encontro, o objetivo \u00e9 buscar uma solu\u00e7\u00e3o consensual para o sistema at\u00e9 a pr\u00f3xima sexta-feira (11).<\/p>\n\n\n\n<p>De acordo com os participantes da reuni\u00e3o, tamb\u00e9m ficou acertada a suspens\u00e3o das demiss\u00f5es anunciadas pelas empresas e a regulariza\u00e7\u00e3o do pagamento dos sal\u00e1rios dos trabalhadores.<\/p>\n\n\n\n<p class=\"has-text-align-center\"><strong><em>PUBLICIDADE<\/em><\/strong><\/p>\n\n\n\n<figure class=\"wp-block-image size-full\"><img loading=\"lazy\" decoding=\"async\" width=\"630\" height=\"96\" src=\"http:\/\/cafecommessias.com.br\/wp-content\/uploads\/2026\/04\/630x96-Adolescencia.png.webp\" alt=\"\" class=\"wp-image-10679\" srcset=\"https:\/\/cafecommessias.com.br\/wp-content\/uploads\/2026\/04\/630x96-Adolescencia.png.webp 630w, https:\/\/cafecommessias.com.br\/wp-content\/uploads\/2026\/04\/630x96-Adolescencia.png-300x46.webp 300w\" sizes=\"auto, (max-width: 630px) 100vw, 630px\" \/><\/figure>\n","protected":false},"excerpt":{"rendered":"<p>A\u00a0paralisa\u00e7\u00e3o do transporte intermunicipal no RN\u00a0foi suspensa nesta segunda-feira (6) ap\u00f3s uma reuni\u00e3o entre representantes dos trabalhadores e das empresas do setor, com intermedia\u00e7\u00e3o do Governo do Estado. De acordo com o Executivo estadual, o encontro resultou em um acordo para retomar as opera\u00e7\u00f5es das linhas. Segundo representantes das categorias, a paralisa\u00e7\u00e3o havia sido iniciada&#8230;<\/p>\n","protected":false},"author":1,"featured_media":10834,"comment_status":"open","ping_status":"closed","sticky":false,"template":"","format":"standard","meta":{"footnotes":""},"categories":[4,8],"tags":[],"class_list":["post-10833","post","type-post","status-publish","format-standard","has-post-thumbnail","hentry","category-anuncie-aqui","category-cidades"],"_links":{"self":[{"href":"https:\/\/cafecommessias.com.br\/index.php?rest_route=\/wp\/v2\/posts\/10833","targetHints":{"allow":["GET"]}}],"collection":[{"href":"https:\/\/cafecommessias.com.br\/index.php?rest_route=\/wp\/v2\/posts"}],"about":[{"href":"https:\/\/cafecommessias.com.br\/index.php?rest_route=\/wp\/v2\/types\/post"}],"author":[{"embeddable":true,"href":"https:\/\/cafecommessias.com.br\/index.php?rest_route=\/wp\/v2\/users\/1"}],"replies":[{"embeddable":true,"href":"https:\/\/cafecommessias.com.br\/index.php?rest_route=%2Fwp%2Fv2%2Fcomments&post=10833"}],"version-history":[{"count":2,"href":"https:\/\/cafecommessias.com.br\/index.php?rest_route=\/wp\/v2\/posts\/10833\/revisions"}],"predecessor-version":[{"id":10836,"href":"https:\/\/cafecommessias.com.br\/index.php?rest_route=\/wp\/v2\/posts\/10833\/revisions\/10836"}],"wp:featuredmedia":[{"embeddable":true,"href":"https:\/\/cafecommessias.com.br\/index.php?rest_route=\/wp\/v2\/media\/10834"}],"wp:attachment":[{"href":"https:\/\/cafecommessias.com.br\/index.php?rest_route=%2Fwp%2Fv2%2Fmedia&parent=10833"}],"wp:term":[{"taxonomy":"category","embeddable":true,"href":"https:\/\/cafecommessias.com.br\/index.php?rest_route=%2Fwp%2Fv2%2Fcategories&post=10833"},{"taxonomy":"post_tag","embeddable":true,"href":"https:\/\/cafecommessias.com.br\/index.php?rest_route=%2Fwp%2Fv2%2Ftags&post=10833"}],"curies":[{"name":"wp","href":"https:\/\/api.w.org\/{rel}","templated":true}]}}