{"id":10853,"date":"2026-04-08T21:20:14","date_gmt":"2026-04-09T00:20:14","guid":{"rendered":"http:\/\/cafecommessias.com.br\/?p=10853"},"modified":"2026-04-08T21:20:29","modified_gmt":"2026-04-09T00:20:29","slug":"decisao-de-moraes-de-liberar-acao-sobre-delacao-premiada-no-stf-preocupa-pgr-e-delegados-da-policia-federal","status":"publish","type":"post","link":"https:\/\/cafecommessias.com.br\/?p=10853","title":{"rendered":"Decis\u00e3o de Moraes de liberar a\u00e7\u00e3o sobre dela\u00e7\u00e3o premiada no STF preocupa PGR e delegados da Pol\u00edcia Federal"},"content":{"rendered":"\n<p>Procuradores da Rep\u00fablica e delegados da Pol\u00edcia Federal manifestaram preocupa\u00e7\u00e3o ap\u00f3s o ministro Alexandre de Moraes, do STF, liberar para julgamento uma a\u00e7\u00e3o que pode limitar o uso de dela\u00e7\u00f5es premiadas em investiga\u00e7\u00f5es.<\/p>\n\n\n\n<p>O processo foi apresentado pelo PT em 2021 e, segundo informa\u00e7\u00f5es divulgadas pela CNN, foi liberado na \u00faltima segunda-feira (6) para an\u00e1lise no plen\u00e1rio f\u00edsico da Corte, ainda sem data definida para vota\u00e7\u00e3o.<\/p>\n\n\n\n<p>A a\u00e7\u00e3o estava sob relatoria de Moraes e permanecia sem movimenta\u00e7\u00e3o desde julho do ano passado. Segundo integrantes da PGR, a legisla\u00e7\u00e3o atual sobre colabora\u00e7\u00f5es premiadas j\u00e1 atenderia aos requisitos previstos na Constitui\u00e7\u00e3o Federal, o que levanta preocupa\u00e7\u00e3o sobre poss\u00edveis mudan\u00e7as adicionais na regra que disciplina o instrumento.<\/p>\n\n\n\n<p>A lei que regula as dela\u00e7\u00f5es premiadas foi sancionada em 2013, durante o governo da ent\u00e3o presidente Dilma Rousseff (PT), dentro da Lei n\u00ba 12.850, que tamb\u00e9m trata do combate a organiza\u00e7\u00f5es criminosas. O texto estabelece que a dela\u00e7\u00e3o n\u00e3o constitui prova por si s\u00f3, mas um meio de obten\u00e7\u00e3o de provas, e j\u00e1 passou por tr\u00eas altera\u00e7\u00f5es ao longo dos anos, sendo a mais recente em 2025.<\/p>\n\n\n\n<p>Delegados federais ouvidos reservadamente tamb\u00e9m afirmaram que a retomada da a\u00e7\u00e3o neste momento gera questionamentos dentro da categoria. Especialistas em Direito consultados pela reportagem destacam que o julgamento pode ampliar o debate jur\u00eddico sobre os limites da colabora\u00e7\u00e3o premiada e os crit\u00e9rios para validade dos acordos firmados no \u00e2mbito das investiga\u00e7\u00f5es criminais.<\/p>\n","protected":false},"excerpt":{"rendered":"<p>Procuradores da Rep\u00fablica e delegados da Pol\u00edcia Federal manifestaram preocupa\u00e7\u00e3o ap\u00f3s o ministro Alexandre de Moraes, do STF, liberar para julgamento uma a\u00e7\u00e3o que pode limitar o uso de dela\u00e7\u00f5es premiadas em investiga\u00e7\u00f5es. O processo foi apresentado pelo PT em 2021 e, segundo informa\u00e7\u00f5es divulgadas pela CNN, foi liberado na \u00faltima segunda-feira (6) para an\u00e1lise&#8230;<\/p>\n","protected":false},"author":1,"featured_media":10854,"comment_status":"open","ping_status":"closed","sticky":false,"template":"","format":"standard","meta":{"footnotes":""},"categories":[3],"tags":[],"class_list":["post-10853","post","type-post","status-publish","format-standard","has-post-thumbnail","hentry","category-geral"],"_links":{"self":[{"href":"https:\/\/cafecommessias.com.br\/index.php?rest_route=\/wp\/v2\/posts\/10853","targetHints":{"allow":["GET"]}}],"collection":[{"href":"https:\/\/cafecommessias.com.br\/index.php?rest_route=\/wp\/v2\/posts"}],"about":[{"href":"https:\/\/cafecommessias.com.br\/index.php?rest_route=\/wp\/v2\/types\/post"}],"author":[{"embeddable":true,"href":"https:\/\/cafecommessias.com.br\/index.php?rest_route=\/wp\/v2\/users\/1"}],"replies":[{"embeddable":true,"href":"https:\/\/cafecommessias.com.br\/index.php?rest_route=%2Fwp%2Fv2%2Fcomments&post=10853"}],"version-history":[{"count":1,"href":"https:\/\/cafecommessias.com.br\/index.php?rest_route=\/wp\/v2\/posts\/10853\/revisions"}],"predecessor-version":[{"id":10855,"href":"https:\/\/cafecommessias.com.br\/index.php?rest_route=\/wp\/v2\/posts\/10853\/revisions\/10855"}],"wp:featuredmedia":[{"embeddable":true,"href":"https:\/\/cafecommessias.com.br\/index.php?rest_route=\/wp\/v2\/media\/10854"}],"wp:attachment":[{"href":"https:\/\/cafecommessias.com.br\/index.php?rest_route=%2Fwp%2Fv2%2Fmedia&parent=10853"}],"wp:term":[{"taxonomy":"category","embeddable":true,"href":"https:\/\/cafecommessias.com.br\/index.php?rest_route=%2Fwp%2Fv2%2Fcategories&post=10853"},{"taxonomy":"post_tag","embeddable":true,"href":"https:\/\/cafecommessias.com.br\/index.php?rest_route=%2Fwp%2Fv2%2Ftags&post=10853"}],"curies":[{"name":"wp","href":"https:\/\/api.w.org\/{rel}","templated":true}]}}