{"id":10859,"date":"2026-04-08T21:26:52","date_gmt":"2026-04-09T00:26:52","guid":{"rendered":"http:\/\/cafecommessias.com.br\/?p=10859"},"modified":"2026-04-08T21:27:09","modified_gmt":"2026-04-09T00:27:09","slug":"video-uniao-nikolas-encontra-flavio-bolsonaro-apos-atritos-no-pl-e-diz-somos-o-mesmo-time","status":"publish","type":"post","link":"https:\/\/cafecommessias.com.br\/?p=10859","title":{"rendered":"V\u00cdDEO: \u201cUNI\u00c3O\u201d: Nikolas encontra Fl\u00e1vio Bolsonaro ap\u00f3s atritos no PL e diz: \u201cSomos o mesmo time\u201d"},"content":{"rendered":"\n<figure class=\"wp-block-embed is-type-rich is-provider-twitter wp-block-embed-twitter\"><div class=\"wp-block-embed__wrapper\">\n<blockquote class=\"twitter-tweet\" data-width=\"550\" data-dnt=\"true\"><p lang=\"pt\" dir=\"ltr\">V\u00cdDEO: \u201cUNI\u00c3O\u201d: Nikolas encontra Fl\u00e1vio Bolsonaro ap\u00f3s atritos no PL e diz: \u201cSomos o mesmo time\u201d<a href=\"https:\/\/t.co\/SAGOjLDUrq\">https:\/\/t.co\/SAGOjLDUrq<\/a> <a href=\"https:\/\/t.co\/ozIMZbtAWF\">pic.twitter.com\/ozIMZbtAWF<\/a><\/p>&mdash; BLOGDOBG (@BlogdoBG) <a href=\"https:\/\/twitter.com\/BlogdoBG\/status\/2041972318008656368?ref_src=twsrc%5Etfw\">April 8, 2026<\/a><\/blockquote><script async src=\"https:\/\/platform.twitter.com\/widgets.js\" charset=\"utf-8\"><\/script>\n<\/div><\/figure>\n\n\n\n<p>Imagens: Reprodu\u00e7\u00e3o\/Instagram\/Nikolas Ferreira<\/p>\n\n\n\n<p>O deputado federal Nikolas Ferreira se encontrou nesta quarta-feira (8) com o senador Fl\u00e1vio Bolsonaro em evento pol\u00edtico do PL em Bras\u00edlia, e afirmou que as candidaturas do partido em Minas Gerais estar\u00e3o alinhadas ao projeto pol\u00edtico de Fl\u00e1vio. O&nbsp;mineiro destacou a necessidade de uni\u00e3o dentro do partido e disse que todos est\u00e3o do mesmo lado na disputa pol\u00edtica nacional.<\/p>\n\n\n\n<p>\u201cSomos o mesmo time, com posi\u00e7\u00f5es diferentes, mas contra o mesmo inimigo\u201d, afirmou Nikolas, segundo registro divulgado pelo pr\u00f3prio deputado nas redes sociais.<\/p>\n\n\n\n<p>O encontro ocorreu dias depois de&nbsp;<a href=\"https:\/\/www.blogdobg.com.br\/video-flavio-ve-briga-entre-eduardo-e-nikolas-como-erro-politico-e-pede-uniao\/\">atritos p\u00fablicos envolvendo Nikolas e o deputado Eduardo Bolsonaro<\/a>&nbsp;(PL-SP). Eduardo havia criticado o parlamentar mineiro e o acusado de colocar Fl\u00e1vio em uma \u201cespiral do sil\u00eancio\u201d, questionando o n\u00edvel de apoio ao senador dentro do grupo pol\u00edtico.<\/p>\n\n\n\n<p>Ap\u00f3s a repercuss\u00e3o do epis\u00f3dio, Fl\u00e1vio Bolsonaro tamb\u00e9m comentou o tema e afirmou que o confronto p\u00fablico n\u00e3o ajuda o campo pol\u00edtico que integra. Segundo ele, o momento exige que diverg\u00eancias internas sejam deixadas de lado para priorizar objetivos pol\u00edticos comuns.<\/p>\n","protected":false},"excerpt":{"rendered":"<p>Imagens: Reprodu\u00e7\u00e3o\/Instagram\/Nikolas Ferreira O deputado federal Nikolas Ferreira se encontrou nesta quarta-feira (8) com o senador Fl\u00e1vio Bolsonaro em evento pol\u00edtico do PL em Bras\u00edlia, e afirmou que as candidaturas do partido em Minas Gerais estar\u00e3o alinhadas ao projeto pol\u00edtico de Fl\u00e1vio. O&nbsp;mineiro destacou a necessidade de uni\u00e3o dentro do partido e disse que todos&#8230;<\/p>\n","protected":false},"author":1,"featured_media":10860,"comment_status":"open","ping_status":"closed","sticky":false,"template":"","format":"standard","meta":{"footnotes":""},"categories":[6],"tags":[],"class_list":["post-10859","post","type-post","status-publish","format-standard","has-post-thumbnail","hentry","category-politica"],"_links":{"self":[{"href":"https:\/\/cafecommessias.com.br\/index.php?rest_route=\/wp\/v2\/posts\/10859","targetHints":{"allow":["GET"]}}],"collection":[{"href":"https:\/\/cafecommessias.com.br\/index.php?rest_route=\/wp\/v2\/posts"}],"about":[{"href":"https:\/\/cafecommessias.com.br\/index.php?rest_route=\/wp\/v2\/types\/post"}],"author":[{"embeddable":true,"href":"https:\/\/cafecommessias.com.br\/index.php?rest_route=\/wp\/v2\/users\/1"}],"replies":[{"embeddable":true,"href":"https:\/\/cafecommessias.com.br\/index.php?rest_route=%2Fwp%2Fv2%2Fcomments&post=10859"}],"version-history":[{"count":1,"href":"https:\/\/cafecommessias.com.br\/index.php?rest_route=\/wp\/v2\/posts\/10859\/revisions"}],"predecessor-version":[{"id":10861,"href":"https:\/\/cafecommessias.com.br\/index.php?rest_route=\/wp\/v2\/posts\/10859\/revisions\/10861"}],"wp:featuredmedia":[{"embeddable":true,"href":"https:\/\/cafecommessias.com.br\/index.php?rest_route=\/wp\/v2\/media\/10860"}],"wp:attachment":[{"href":"https:\/\/cafecommessias.com.br\/index.php?rest_route=%2Fwp%2Fv2%2Fmedia&parent=10859"}],"wp:term":[{"taxonomy":"category","embeddable":true,"href":"https:\/\/cafecommessias.com.br\/index.php?rest_route=%2Fwp%2Fv2%2Fcategories&post=10859"},{"taxonomy":"post_tag","embeddable":true,"href":"https:\/\/cafecommessias.com.br\/index.php?rest_route=%2Fwp%2Fv2%2Ftags&post=10859"}],"curies":[{"name":"wp","href":"https:\/\/api.w.org\/{rel}","templated":true}]}}