{"id":10862,"date":"2026-04-08T21:29:21","date_gmt":"2026-04-09T00:29:21","guid":{"rendered":"http:\/\/cafecommessias.com.br\/?p=10862"},"modified":"2026-04-08T21:31:57","modified_gmt":"2026-04-09T00:31:57","slug":"auditoria-e-sindicancia-internas-do-banco-central-nao-indicaram-culpa-de-campos-neto-no-master-diz-galipolo","status":"publish","type":"post","link":"https:\/\/cafecommessias.com.br\/?p=10862","title":{"rendered":"Auditoria e sindic\u00e2ncia internas do Banco Central n\u00e3o indicaram culpa de Campos Neto no Master, diz Gal\u00edpolo"},"content":{"rendered":"\n<p>O presidente do Banco Central,&nbsp;Gabriel Gal\u00edpolo, afirmou nesta quarta-feira (8) que auditorias e sindic\u00e2ncias internas n\u00e3o identificaram qualquer responsabilidade do ex-presidente&nbsp;Roberto Campos Neto&nbsp;no caso do&nbsp;Banco Master.<\/p>\n\n\n\n<p>A declara\u00e7\u00e3o foi dada durante audi\u00eancia na CPI do Crime Organizado, que investiga o maior esc\u00e2ndalo banc\u00e1rio do pa\u00eds. O fundador do banco,&nbsp;Daniel Vorcaro, est\u00e1 preso e \u00e9 investigado por corrup\u00e7\u00e3o, lavagem de dinheiro e invas\u00e3o de sistemas.<\/p>\n\n\n\n<p>O caso envolve um rombo de cerca de R$ 52 bilh\u00f5es no&nbsp;Fundo Garantidor de Cr\u00e9ditos. Segundo Gal\u00edpolo, as irregularidades come\u00e7aram a ser identificadas em 2025, durante a tentativa de compra do Master pelo&nbsp;Banco de Bras\u00edlia.<\/p>\n\n\n\n<p>O Banco Central comunicou autoridades como a Pol\u00edcia Federal e o Minist\u00e9rio P\u00fablico ap\u00f3s constatar ind\u00edcios de falta de lastro nas carteiras de cr\u00e9dito. O Master foi liquidado em novembro de 2025.<\/p>\n\n\n\n<p>As investiga\u00e7\u00f5es seguem em duas frentes: administrativa, pela Controladoria-Geral da Uni\u00e3o, e criminal, pela Pol\u00edcia Federal. H\u00e1 suspeitas de envolvimento de servidores do BC, j\u00e1 afastados.<\/p>\n\n\n\n<p>Gal\u00edpolo tamb\u00e9m confirmou que participou de reuni\u00e3o fora da agenda, em 2024, com Vorcaro e o presidente&nbsp;Luiz In\u00e1cio Lula da Silva, sem informar previamente Campos Neto.<\/p>\n","protected":false},"excerpt":{"rendered":"<p>O presidente do Banco Central,&nbsp;Gabriel Gal\u00edpolo, afirmou nesta quarta-feira (8) que auditorias e sindic\u00e2ncias internas n\u00e3o identificaram qualquer responsabilidade do ex-presidente&nbsp;Roberto Campos Neto&nbsp;no caso do&nbsp;Banco Master. A declara\u00e7\u00e3o foi dada durante audi\u00eancia na CPI do Crime Organizado, que investiga o maior esc\u00e2ndalo banc\u00e1rio do pa\u00eds. O fundador do banco,&nbsp;Daniel Vorcaro, est\u00e1 preso e \u00e9 investigado&#8230;<\/p>\n","protected":false},"author":1,"featured_media":10863,"comment_status":"open","ping_status":"closed","sticky":false,"template":"","format":"standard","meta":{"footnotes":""},"categories":[3],"tags":[],"class_list":["post-10862","post","type-post","status-publish","format-standard","has-post-thumbnail","hentry","category-geral"],"_links":{"self":[{"href":"https:\/\/cafecommessias.com.br\/index.php?rest_route=\/wp\/v2\/posts\/10862","targetHints":{"allow":["GET"]}}],"collection":[{"href":"https:\/\/cafecommessias.com.br\/index.php?rest_route=\/wp\/v2\/posts"}],"about":[{"href":"https:\/\/cafecommessias.com.br\/index.php?rest_route=\/wp\/v2\/types\/post"}],"author":[{"embeddable":true,"href":"https:\/\/cafecommessias.com.br\/index.php?rest_route=\/wp\/v2\/users\/1"}],"replies":[{"embeddable":true,"href":"https:\/\/cafecommessias.com.br\/index.php?rest_route=%2Fwp%2Fv2%2Fcomments&post=10862"}],"version-history":[{"count":1,"href":"https:\/\/cafecommessias.com.br\/index.php?rest_route=\/wp\/v2\/posts\/10862\/revisions"}],"predecessor-version":[{"id":10864,"href":"https:\/\/cafecommessias.com.br\/index.php?rest_route=\/wp\/v2\/posts\/10862\/revisions\/10864"}],"wp:featuredmedia":[{"embeddable":true,"href":"https:\/\/cafecommessias.com.br\/index.php?rest_route=\/wp\/v2\/media\/10863"}],"wp:attachment":[{"href":"https:\/\/cafecommessias.com.br\/index.php?rest_route=%2Fwp%2Fv2%2Fmedia&parent=10862"}],"wp:term":[{"taxonomy":"category","embeddable":true,"href":"https:\/\/cafecommessias.com.br\/index.php?rest_route=%2Fwp%2Fv2%2Fcategories&post=10862"},{"taxonomy":"post_tag","embeddable":true,"href":"https:\/\/cafecommessias.com.br\/index.php?rest_route=%2Fwp%2Fv2%2Ftags&post=10862"}],"curies":[{"name":"wp","href":"https:\/\/api.w.org\/{rel}","templated":true}]}}