{"id":10875,"date":"2026-04-11T10:28:34","date_gmt":"2026-04-11T13:28:34","guid":{"rendered":"http:\/\/cafecommessias.com.br\/?p=10875"},"modified":"2026-04-11T10:28:46","modified_gmt":"2026-04-11T13:28:46","slug":"delegacoes-dos-eua-e-do-ira-chegam-ao-paquistao-para-negociacoes-de-paz","status":"publish","type":"post","link":"https:\/\/cafecommessias.com.br\/?p=10875","title":{"rendered":"Delega\u00e7\u00f5es dos EUA e do Ir\u00e3 chegam ao Paquist\u00e3o para negocia\u00e7\u00f5es de paz"},"content":{"rendered":"\n<p>Altos representantes dos&nbsp;Estados Unidos&nbsp;e do&nbsp;Ir\u00e3&nbsp;iniciaram em&nbsp;Islamabad&nbsp;negocia\u00e7\u00f5es para tentar encerrar a guerra que j\u00e1 dura seis semanas.<\/p>\n\n\n\n<p>A delega\u00e7\u00e3o americana \u00e9 liderada pelo vice-presidente&nbsp;JD Vance, enquanto o lado iraniano \u00e9 chefiado por&nbsp;Mohammad Baqer Qalibaf&nbsp;e pelo chanceler&nbsp;Abbas Araqchi.<\/p>\n\n\n\n<p>Apesar do in\u00edcio das tratativas, o Ir\u00e3 condicionou o avan\u00e7o das negocia\u00e7\u00f5es ao cumprimento de exig\u00eancias como o fim das san\u00e7\u00f5es e um cessar-fogo no&nbsp;L\u00edbano. J\u00e1 os EUA e&nbsp;Israel&nbsp;afirmam que o conflito no L\u00edbano n\u00e3o faz parte do acordo.<\/p>\n\n\n\n<p>O presidente americano&nbsp;Donald Trump&nbsp;declarou que espera um acordo, mas adotou tom duro ao afirmar que o Ir\u00e3 tem pouca margem de negocia\u00e7\u00e3o.<\/p>\n\n\n\n<p>As conversas s\u00e3o as mais relevantes entre os dois pa\u00edses desde a Revolu\u00e7\u00e3o Isl\u00e2mica de 1979 e ocorrem ap\u00f3s um cessar-fogo tempor\u00e1rio anunciado nesta semana.<\/p>\n\n\n\n<p>Enquanto isso, tens\u00f5es seguem elevadas na regi\u00e3o. O Ir\u00e3 mant\u00e9m restri\u00e7\u00f5es no&nbsp;Estreito de Ormuz, afetando o fornecimento global de energia, e os confrontos indiretos com Israel continuam no L\u00edbano.<\/p>\n\n\n\n<p>As negocia\u00e7\u00f5es n\u00e3o t\u00eam prazo definido, e o avan\u00e7o depender\u00e1 de concess\u00f5es entre as partes em meio a um cen\u00e1rio ainda inst\u00e1vel.<\/p>\n\n\n\n<p><em><sub>Por CNN Brasil<\/sub><\/em><\/p>\n\n\n\n<p><\/p>\n","protected":false},"excerpt":{"rendered":"<p>Altos representantes dos&nbsp;Estados Unidos&nbsp;e do&nbsp;Ir\u00e3&nbsp;iniciaram em&nbsp;Islamabad&nbsp;negocia\u00e7\u00f5es para tentar encerrar a guerra que j\u00e1 dura seis semanas. A delega\u00e7\u00e3o americana \u00e9 liderada pelo vice-presidente&nbsp;JD Vance, enquanto o lado iraniano \u00e9 chefiado por&nbsp;Mohammad Baqer Qalibaf&nbsp;e pelo chanceler&nbsp;Abbas Araqchi. Apesar do in\u00edcio das tratativas, o Ir\u00e3 condicionou o avan\u00e7o das negocia\u00e7\u00f5es ao cumprimento de exig\u00eancias como o fim&#8230;<\/p>\n","protected":false},"author":1,"featured_media":10876,"comment_status":"open","ping_status":"closed","sticky":false,"template":"","format":"standard","meta":{"footnotes":""},"categories":[2],"tags":[],"class_list":["post-10875","post","type-post","status-publish","format-standard","has-post-thumbnail","hentry","category-internacional"],"_links":{"self":[{"href":"https:\/\/cafecommessias.com.br\/index.php?rest_route=\/wp\/v2\/posts\/10875","targetHints":{"allow":["GET"]}}],"collection":[{"href":"https:\/\/cafecommessias.com.br\/index.php?rest_route=\/wp\/v2\/posts"}],"about":[{"href":"https:\/\/cafecommessias.com.br\/index.php?rest_route=\/wp\/v2\/types\/post"}],"author":[{"embeddable":true,"href":"https:\/\/cafecommessias.com.br\/index.php?rest_route=\/wp\/v2\/users\/1"}],"replies":[{"embeddable":true,"href":"https:\/\/cafecommessias.com.br\/index.php?rest_route=%2Fwp%2Fv2%2Fcomments&post=10875"}],"version-history":[{"count":1,"href":"https:\/\/cafecommessias.com.br\/index.php?rest_route=\/wp\/v2\/posts\/10875\/revisions"}],"predecessor-version":[{"id":10877,"href":"https:\/\/cafecommessias.com.br\/index.php?rest_route=\/wp\/v2\/posts\/10875\/revisions\/10877"}],"wp:featuredmedia":[{"embeddable":true,"href":"https:\/\/cafecommessias.com.br\/index.php?rest_route=\/wp\/v2\/media\/10876"}],"wp:attachment":[{"href":"https:\/\/cafecommessias.com.br\/index.php?rest_route=%2Fwp%2Fv2%2Fmedia&parent=10875"}],"wp:term":[{"taxonomy":"category","embeddable":true,"href":"https:\/\/cafecommessias.com.br\/index.php?rest_route=%2Fwp%2Fv2%2Fcategories&post=10875"},{"taxonomy":"post_tag","embeddable":true,"href":"https:\/\/cafecommessias.com.br\/index.php?rest_route=%2Fwp%2Fv2%2Ftags&post=10875"}],"curies":[{"name":"wp","href":"https:\/\/api.w.org\/{rel}","templated":true}]}}