{"id":10881,"date":"2026-04-11T10:35:44","date_gmt":"2026-04-11T13:35:44","guid":{"rendered":"http:\/\/cafecommessias.com.br\/?p=10881"},"modified":"2026-04-11T10:37:42","modified_gmt":"2026-04-11T13:37:42","slug":"flavio-bolsonaro-defende-impeachment-de-ministros-do-stf-e-critica-carga-tributaria-em-evento","status":"publish","type":"post","link":"https:\/\/cafecommessias.com.br\/?p=10881","title":{"rendered":"Fl\u00e1vio Bolsonaro defende impeachment de ministros do STF e critica carga tribut\u00e1ria em evento"},"content":{"rendered":"\n<p>O senador&nbsp;Fl\u00e1vio Bolsonaro&nbsp;voltou a subir o tom contra o&nbsp;Supremo Tribunal Federal&nbsp;ao defender, nesta sexta-feira (10), a possibilidade de impeachment de ministros da Corte. A declara\u00e7\u00e3o foi feita durante participa\u00e7\u00e3o no&nbsp;F\u00f3rum da Liberdade, onde o parlamentar tamb\u00e9m abordou temas que devem integrar seu discurso pol\u00edtico nos pr\u00f3ximos meses.<\/p>\n\n\n\n<p>Durante o painel, o pr\u00e9-candidato \u00e0 Presid\u00eancia afirmou que a posi\u00e7\u00e3o dos eleitores sobre o tema deve influenciar diretamente na escolha de senadores nas pr\u00f3ximas elei\u00e7\u00f5es. \u201cUm dos principais fatores [\u2026] \u00e9: voc\u00ea \u00e9 a favor ou contra impeachment de ministros do Supremo\u201d, declarou, projetando que o Senado poder\u00e1 ter maioria favor\u00e1vel a essa pauta com a renova\u00e7\u00e3o de cadeiras.<\/p>\n\n\n\n<p>Na \u00e1rea econ\u00f4mica, Fl\u00e1vio criticou o atual modelo tribut\u00e1rio brasileiro e defendeu mudan\u00e7as urgentes. Segundo ele, a carga de impostos \u00e9 excessiva e penaliza principalmente quem produz. \u201cA reforma tribut\u00e1ria precisa ser atualizada urgentemente. [\u2026] \u00c9 como se quem gerasse emprego fosse criminoso\u201d, afirmou, ao citar o peso dos tributos sobre profissionais liberais.<\/p>\n\n\n\n<p>O senador tamb\u00e9m reconheceu que ainda n\u00e3o possui um plano de governo detalhado, destacando que o momento ainda \u00e9 de pr\u00e9-campanha. Apesar disso, indicou que temas como desburocratiza\u00e7\u00e3o, redu\u00e7\u00e3o de impostos e mudan\u00e7as na seguran\u00e7a p\u00fablica estar\u00e3o no centro de suas propostas.<\/p>\n\n\n\n<p>A seguran\u00e7a, inclusive, foi um dos pontos mais enfatizados em sua fala. Fl\u00e1vio defendeu uma postura mais dura na \u00e1rea e afirmou que os pr\u00e9-candidatos precisam adotar medidas firmes para garantir a soberania e o enfrentamento \u00e0 criminalidade.<\/p>\n\n\n<div class=\"wp-block-post-author\"><div class=\"wp-block-post-author__avatar\"><img alt='' src='https:\/\/secure.gravatar.com\/avatar\/a62bcf199877d37056dc55ccc32b6decbd05abb46ce616ef4c38b16491e4d91d?s=48&#038;r=g' srcset='https:\/\/secure.gravatar.com\/avatar\/a62bcf199877d37056dc55ccc32b6decbd05abb46ce616ef4c38b16491e4d91d?s=96&#038;r=g 2x' class='avatar avatar-48 photo' height='48' width='48' \/><\/div><div class=\"wp-block-post-author__content\"><p class=\"wp-block-post-author__name\">Blogcafecommessias<\/p><\/div><\/div>\n\n\n<p class=\"has-text-align-center\"><strong><em>PUBLICIDADE<\/em><\/strong><\/p>\n\n\n\n<figure class=\"wp-block-image size-full\"><img loading=\"lazy\" decoding=\"async\" width=\"630\" height=\"96\" src=\"http:\/\/cafecommessias.com.br\/wp-content\/uploads\/2026\/04\/630x96-Adolescencia.png.webp\" alt=\"\" class=\"wp-image-10679\" srcset=\"https:\/\/cafecommessias.com.br\/wp-content\/uploads\/2026\/04\/630x96-Adolescencia.png.webp 630w, https:\/\/cafecommessias.com.br\/wp-content\/uploads\/2026\/04\/630x96-Adolescencia.png-300x46.webp 300w\" sizes=\"auto, (max-width: 630px) 100vw, 630px\" \/><\/figure>\n","protected":false},"excerpt":{"rendered":"<p>O senador&nbsp;Fl\u00e1vio Bolsonaro&nbsp;voltou a subir o tom contra o&nbsp;Supremo Tribunal Federal&nbsp;ao defender, nesta sexta-feira (10), a possibilidade de impeachment de ministros da Corte. A declara\u00e7\u00e3o foi feita durante participa\u00e7\u00e3o no&nbsp;F\u00f3rum da Liberdade, onde o parlamentar tamb\u00e9m abordou temas que devem integrar seu discurso pol\u00edtico nos pr\u00f3ximos meses. Durante o painel, o pr\u00e9-candidato \u00e0 Presid\u00eancia afirmou&#8230;<\/p>\n","protected":false},"author":1,"featured_media":10882,"comment_status":"open","ping_status":"closed","sticky":false,"template":"","format":"standard","meta":{"footnotes":""},"categories":[4,6],"tags":[],"class_list":["post-10881","post","type-post","status-publish","format-standard","has-post-thumbnail","hentry","category-anuncie-aqui","category-politica"],"_links":{"self":[{"href":"https:\/\/cafecommessias.com.br\/index.php?rest_route=\/wp\/v2\/posts\/10881","targetHints":{"allow":["GET"]}}],"collection":[{"href":"https:\/\/cafecommessias.com.br\/index.php?rest_route=\/wp\/v2\/posts"}],"about":[{"href":"https:\/\/cafecommessias.com.br\/index.php?rest_route=\/wp\/v2\/types\/post"}],"author":[{"embeddable":true,"href":"https:\/\/cafecommessias.com.br\/index.php?rest_route=\/wp\/v2\/users\/1"}],"replies":[{"embeddable":true,"href":"https:\/\/cafecommessias.com.br\/index.php?rest_route=%2Fwp%2Fv2%2Fcomments&post=10881"}],"version-history":[{"count":2,"href":"https:\/\/cafecommessias.com.br\/index.php?rest_route=\/wp\/v2\/posts\/10881\/revisions"}],"predecessor-version":[{"id":10884,"href":"https:\/\/cafecommessias.com.br\/index.php?rest_route=\/wp\/v2\/posts\/10881\/revisions\/10884"}],"wp:featuredmedia":[{"embeddable":true,"href":"https:\/\/cafecommessias.com.br\/index.php?rest_route=\/wp\/v2\/media\/10882"}],"wp:attachment":[{"href":"https:\/\/cafecommessias.com.br\/index.php?rest_route=%2Fwp%2Fv2%2Fmedia&parent=10881"}],"wp:term":[{"taxonomy":"category","embeddable":true,"href":"https:\/\/cafecommessias.com.br\/index.php?rest_route=%2Fwp%2Fv2%2Fcategories&post=10881"},{"taxonomy":"post_tag","embeddable":true,"href":"https:\/\/cafecommessias.com.br\/index.php?rest_route=%2Fwp%2Fv2%2Ftags&post=10881"}],"curies":[{"name":"wp","href":"https:\/\/api.w.org\/{rel}","templated":true}]}}