{"id":10891,"date":"2026-04-12T17:25:05","date_gmt":"2026-04-12T20:25:05","guid":{"rendered":"http:\/\/cafecommessias.com.br\/?p=10891"},"modified":"2026-04-12T17:25:16","modified_gmt":"2026-04-12T20:25:16","slug":"delegado-revisa-inquerito-e-conclui-pela-segunda-vez-que-nao-houve-interferencia-de-bolsonaro-na-pf","status":"publish","type":"post","link":"https:\/\/cafecommessias.com.br\/?p=10891","title":{"rendered":"Delegado revisa inqu\u00e9rito e conclui pela segunda vez que n\u00e3o houve interfer\u00eancia de Bolsonaro na PF"},"content":{"rendered":"\n<p>A&nbsp;Pol\u00edcia Federal&nbsp;concluiu novamente que n\u00e3o h\u00e1 provas de crime no inqu\u00e9rito que apura suposta interfer\u00eancia do ex-presidente&nbsp;Jair Bolsonaro&nbsp;na corpora\u00e7\u00e3o.<\/p>\n\n\n\n<p>O caso havia sido reaberto por decis\u00e3o do ministro&nbsp;Alexandre de Moraes, do&nbsp;Supremo Tribunal Federal, ap\u00f3s acusa\u00e7\u00f5es feitas pelo ex-ministro&nbsp;Sergio Moro&nbsp;ao deixar o governo, em 2020.<\/p>\n\n\n\n<p>Na nova an\u00e1lise, j\u00e1 sob o governo de&nbsp;Luiz In\u00e1cio Lula da Silva, a PF revisou as provas e manteve a conclus\u00e3o de que n\u00e3o h\u00e1 elementos para responsabiliza\u00e7\u00e3o penal.<\/p>\n\n\n\n<p>O relat\u00f3rio tamb\u00e9m cita que n\u00e3o foram encontradas evid\u00eancias de interfer\u00eancia nem mesmo em materiais relacionados ao inqu\u00e9rito das fake news.<\/p>\n\n\n\n<p>Com o envio do documento ao procurador-geral da Rep\u00fablica,&nbsp;Paulo Gonet, caber\u00e1 a ele decidir se solicita novas dilig\u00eancias ou o arquivamento definitivo do caso.<\/p>\n","protected":false},"excerpt":{"rendered":"<p>A&nbsp;Pol\u00edcia Federal&nbsp;concluiu novamente que n\u00e3o h\u00e1 provas de crime no inqu\u00e9rito que apura suposta interfer\u00eancia do ex-presidente&nbsp;Jair Bolsonaro&nbsp;na corpora\u00e7\u00e3o. O caso havia sido reaberto por decis\u00e3o do ministro&nbsp;Alexandre de Moraes, do&nbsp;Supremo Tribunal Federal, ap\u00f3s acusa\u00e7\u00f5es feitas pelo ex-ministro&nbsp;Sergio Moro&nbsp;ao deixar o governo, em 2020. Na nova an\u00e1lise, j\u00e1 sob o governo de&nbsp;Luiz In\u00e1cio Lula da&#8230;<\/p>\n","protected":false},"author":1,"featured_media":10892,"comment_status":"open","ping_status":"closed","sticky":false,"template":"","format":"standard","meta":{"footnotes":""},"categories":[3],"tags":[],"class_list":["post-10891","post","type-post","status-publish","format-standard","has-post-thumbnail","hentry","category-geral"],"_links":{"self":[{"href":"https:\/\/cafecommessias.com.br\/index.php?rest_route=\/wp\/v2\/posts\/10891","targetHints":{"allow":["GET"]}}],"collection":[{"href":"https:\/\/cafecommessias.com.br\/index.php?rest_route=\/wp\/v2\/posts"}],"about":[{"href":"https:\/\/cafecommessias.com.br\/index.php?rest_route=\/wp\/v2\/types\/post"}],"author":[{"embeddable":true,"href":"https:\/\/cafecommessias.com.br\/index.php?rest_route=\/wp\/v2\/users\/1"}],"replies":[{"embeddable":true,"href":"https:\/\/cafecommessias.com.br\/index.php?rest_route=%2Fwp%2Fv2%2Fcomments&post=10891"}],"version-history":[{"count":1,"href":"https:\/\/cafecommessias.com.br\/index.php?rest_route=\/wp\/v2\/posts\/10891\/revisions"}],"predecessor-version":[{"id":10893,"href":"https:\/\/cafecommessias.com.br\/index.php?rest_route=\/wp\/v2\/posts\/10891\/revisions\/10893"}],"wp:featuredmedia":[{"embeddable":true,"href":"https:\/\/cafecommessias.com.br\/index.php?rest_route=\/wp\/v2\/media\/10892"}],"wp:attachment":[{"href":"https:\/\/cafecommessias.com.br\/index.php?rest_route=%2Fwp%2Fv2%2Fmedia&parent=10891"}],"wp:term":[{"taxonomy":"category","embeddable":true,"href":"https:\/\/cafecommessias.com.br\/index.php?rest_route=%2Fwp%2Fv2%2Fcategories&post=10891"},{"taxonomy":"post_tag","embeddable":true,"href":"https:\/\/cafecommessias.com.br\/index.php?rest_route=%2Fwp%2Fv2%2Ftags&post=10891"}],"curies":[{"name":"wp","href":"https:\/\/api.w.org\/{rel}","templated":true}]}}