{"id":10904,"date":"2026-04-12T17:33:12","date_gmt":"2026-04-12T20:33:12","guid":{"rendered":"http:\/\/cafecommessias.com.br\/?p=10904"},"modified":"2026-04-12T17:33:26","modified_gmt":"2026-04-12T20:33:26","slug":"prefeita-do-uniao-brasil-no-alto-oeste-declara-apoio-a-alvaro-dias-e-baba-pereira","status":"publish","type":"post","link":"https:\/\/cafecommessias.com.br\/?p=10904","title":{"rendered":"Prefeita do Uni\u00e3o Brasil no Alto Oeste declara apoio a \u00c1lvaro Dias e Bab\u00e1 Pereira"},"content":{"rendered":"\n<p>A prefeita de Jo\u00e3o Dias, Maria de F\u00e1tima Mesquita da Silva, a \u201cFatinha de Marcelo\u201d, anunciou apoio \u00e0 pr\u00e9-candidatura de \u00c1lvaro Dias ao Governo do Rio Grande do Norte, ao lado de Bab\u00e1 Pereira. O movimento chama aten\u00e7\u00e3o no cen\u00e1rio pol\u00edtico estadual por um fator estrat\u00e9gico: a gestora \u00e9 filiada ao Uni\u00e3o Brasil \u2014 mesmo partido do pr\u00e9-candidato, Alysson Bezerra.<\/p>\n\n\n\n<p>Eleita com 66,84% dos votos em um munic\u00edpio do Alto Oeste potiguar, Fatinha rompe, na pr\u00e1tica, com a tend\u00eancia de alinhamento autom\u00e1tico dentro da legenda e refor\u00e7a a articula\u00e7\u00e3o de \u00c1lvaro Dias no interior do estado.<\/p>\n\n\n\n<p>O apoio tem peso pol\u00edtico pela simbologia regional. O Alto Oeste \u00e9 uma \u00e1rea onde Alysson mant\u00e9m influ\u00eancia, mas a ades\u00e3o de uma prefeita da sigla ao projeto advers\u00e1rio evidencia fissuras internas no Uni\u00e3o, a exemplo do que ocorre na Capital, em Natal, onde o prefeito Paulinho Freire do Uni\u00e3o Brasil tamb\u00e9m n\u00e3o votar\u00e1 em Alysson, mas sim em \u00c1lvaro.<\/p>\n","protected":false},"excerpt":{"rendered":"<p>A prefeita de Jo\u00e3o Dias, Maria de F\u00e1tima Mesquita da Silva, a \u201cFatinha de Marcelo\u201d, anunciou apoio \u00e0 pr\u00e9-candidatura de \u00c1lvaro Dias ao Governo do Rio Grande do Norte, ao lado de Bab\u00e1 Pereira. O movimento chama aten\u00e7\u00e3o no cen\u00e1rio pol\u00edtico estadual por um fator estrat\u00e9gico: a gestora \u00e9 filiada ao Uni\u00e3o Brasil \u2014 mesmo&#8230;<\/p>\n","protected":false},"author":1,"featured_media":10905,"comment_status":"open","ping_status":"closed","sticky":false,"template":"","format":"standard","meta":{"footnotes":""},"categories":[6],"tags":[],"class_list":["post-10904","post","type-post","status-publish","format-standard","has-post-thumbnail","hentry","category-politica"],"_links":{"self":[{"href":"https:\/\/cafecommessias.com.br\/index.php?rest_route=\/wp\/v2\/posts\/10904","targetHints":{"allow":["GET"]}}],"collection":[{"href":"https:\/\/cafecommessias.com.br\/index.php?rest_route=\/wp\/v2\/posts"}],"about":[{"href":"https:\/\/cafecommessias.com.br\/index.php?rest_route=\/wp\/v2\/types\/post"}],"author":[{"embeddable":true,"href":"https:\/\/cafecommessias.com.br\/index.php?rest_route=\/wp\/v2\/users\/1"}],"replies":[{"embeddable":true,"href":"https:\/\/cafecommessias.com.br\/index.php?rest_route=%2Fwp%2Fv2%2Fcomments&post=10904"}],"version-history":[{"count":1,"href":"https:\/\/cafecommessias.com.br\/index.php?rest_route=\/wp\/v2\/posts\/10904\/revisions"}],"predecessor-version":[{"id":10906,"href":"https:\/\/cafecommessias.com.br\/index.php?rest_route=\/wp\/v2\/posts\/10904\/revisions\/10906"}],"wp:featuredmedia":[{"embeddable":true,"href":"https:\/\/cafecommessias.com.br\/index.php?rest_route=\/wp\/v2\/media\/10905"}],"wp:attachment":[{"href":"https:\/\/cafecommessias.com.br\/index.php?rest_route=%2Fwp%2Fv2%2Fmedia&parent=10904"}],"wp:term":[{"taxonomy":"category","embeddable":true,"href":"https:\/\/cafecommessias.com.br\/index.php?rest_route=%2Fwp%2Fv2%2Fcategories&post=10904"},{"taxonomy":"post_tag","embeddable":true,"href":"https:\/\/cafecommessias.com.br\/index.php?rest_route=%2Fwp%2Fv2%2Ftags&post=10904"}],"curies":[{"name":"wp","href":"https:\/\/api.w.org\/{rel}","templated":true}]}}