{"id":10910,"date":"2026-04-12T22:12:08","date_gmt":"2026-04-13T01:12:08","guid":{"rendered":"http:\/\/cafecommessias.com.br\/?p=10910"},"modified":"2026-04-12T22:12:59","modified_gmt":"2026-04-13T01:12:59","slug":"apos-16-anos-no-poder-viktor-orban-reconhece-derrota-para-a-oposicao-de-centro-direita-na-hungria","status":"publish","type":"post","link":"https:\/\/cafecommessias.com.br\/?p=10910","title":{"rendered":"Ap\u00f3s 16 anos no poder, Viktor Orb\u00e1n reconhece derrota para a oposi\u00e7\u00e3o de centro-direita na Hungria"},"content":{"rendered":"\n<p>O l\u00edder nacionalista veterano da Hungria, Viktor Orb\u00e1n, admitiu a derrota neste domingo ap\u00f3s uma vit\u00f3ria eleitoral esmagadora do partido de oposi\u00e7\u00e3o Tisza.<\/p>\n\n\n\n<p>Resultados baseados em 46% dos votos apurados mostraram o partido Tisza, de centro-direita e pr\u00f3-Uni\u00e3o Europeia, liderado por Peter Magyar, conquistando 135 assentos \u2014 ou uma crucial maioria de dois ter\u00e7os \u2014 no parlamento de 199 membros, \u00e0 frente do partido Fidesz, de Orb\u00e1n.<\/p>\n\n\n\n<p>\u201cOs resultados eleitorais ainda n\u00e3o s\u00e3o finais, mas a situa\u00e7\u00e3o \u00e9 compreens\u00edvel e clara\u201d, disse Orb\u00e1n na sede de campanha do Fidesz. \u201cO resultado da elei\u00e7\u00e3o \u00e9 doloroso para n\u00f3s, mas claro.\u201d<\/p>\n\n\n\n<p>A derrota de Orb\u00e1n tamb\u00e9m poder\u00e1 significar a eventual libera\u00e7\u00e3o de fundos da UE para a Hungria, que o bloco havia suspendido devido ao que Bruxelas chamou de eros\u00e3o dos padr\u00f5es democr\u00e1ticos por parte de Orb\u00e1n. Al\u00e9m disso, deve privar o presidente russo, Vladimir Putin, de seu principal aliado na UE, assim como impactar outros c\u00edrculos de direita ocidentais, incluindo a Casa Branca.<\/p>\n\n\n\n<p><strong>Quem \u00e9 Peter Magyar<\/strong><\/p>\n\n\n\n<p>Magyar, cujo sobrenome significa literalmente \u201ch\u00fangaro\u201d, ganhou notoriedade h\u00e1 dois anos, depois que sua ex-esposa, Judit Varga, ex-ministra da Justi\u00e7a de Orb\u00e1n, renunciou a todos os cargos pol\u00edticos ap\u00f3s um indulto em um caso de abuso sexual que causou indigna\u00e7\u00e3o p\u00fablica.<\/p>\n\n\n\n<p>Magyar rapidamente se distanciou do partido governista e o acusou de corrup\u00e7\u00e3o e de disseminar propaganda, dizendo que estava desiludido com o Fidesz.<\/p>\n\n\n\n<p>Nascido em 1981 em uma fam\u00edlia de advogados, Magyar tamb\u00e9m estudou direito. Casou-se com Varga em 2006 e, quando a carreira dela a levou para Bruxelas, Magyar ingressou no corpo diplom\u00e1tico da Hungria e trabalhou com legisla\u00e7\u00e3o da UE. Ap\u00f3s retornar \u00e0 Hungria, trabalhou em um banco estatal e depois chefiou uma ag\u00eancia de empr\u00e9stimos estudantis.<\/p>\n\n\n\n<p>Magyar e Varga, que se divorciaram em 2023, t\u00eam tr\u00eas filhos. Magyar se descreve como religioso e diz que gosta de cozinhar e jogar futebol com seus amigos e filhos.<\/p>\n\n\n\n<p><em><sub>Por Valor e g1<\/sub><\/em><\/p>\n\n\n\n<p class=\"has-text-align-center\"><strong><em>PUBLICIDADE<\/em><\/strong><\/p>\n\n\n\n<figure class=\"wp-block-image size-full\"><img loading=\"lazy\" decoding=\"async\" width=\"750\" height=\"200\" src=\"http:\/\/cafecommessias.com.br\/wp-content\/uploads\/2026\/04\/Lixo-nas-Ruas_750x200.png\" alt=\"\" class=\"wp-image-10810\" srcset=\"https:\/\/cafecommessias.com.br\/wp-content\/uploads\/2026\/04\/Lixo-nas-Ruas_750x200.png 750w, https:\/\/cafecommessias.com.br\/wp-content\/uploads\/2026\/04\/Lixo-nas-Ruas_750x200-300x80.png 300w\" sizes=\"auto, (max-width: 750px) 100vw, 750px\" \/><\/figure>\n","protected":false},"excerpt":{"rendered":"<p>O l\u00edder nacionalista veterano da Hungria, Viktor Orb\u00e1n, admitiu a derrota neste domingo ap\u00f3s uma vit\u00f3ria eleitoral esmagadora do partido de oposi\u00e7\u00e3o Tisza. Resultados baseados em 46% dos votos apurados mostraram o partido Tisza, de centro-direita e pr\u00f3-Uni\u00e3o Europeia, liderado por Peter Magyar, conquistando 135 assentos \u2014 ou uma crucial maioria de dois ter\u00e7os \u2014&#8230;<\/p>\n","protected":false},"author":1,"featured_media":10911,"comment_status":"open","ping_status":"closed","sticky":false,"template":"","format":"standard","meta":{"footnotes":""},"categories":[4,2],"tags":[],"class_list":["post-10910","post","type-post","status-publish","format-standard","has-post-thumbnail","hentry","category-anuncie-aqui","category-internacional"],"_links":{"self":[{"href":"https:\/\/cafecommessias.com.br\/index.php?rest_route=\/wp\/v2\/posts\/10910","targetHints":{"allow":["GET"]}}],"collection":[{"href":"https:\/\/cafecommessias.com.br\/index.php?rest_route=\/wp\/v2\/posts"}],"about":[{"href":"https:\/\/cafecommessias.com.br\/index.php?rest_route=\/wp\/v2\/types\/post"}],"author":[{"embeddable":true,"href":"https:\/\/cafecommessias.com.br\/index.php?rest_route=\/wp\/v2\/users\/1"}],"replies":[{"embeddable":true,"href":"https:\/\/cafecommessias.com.br\/index.php?rest_route=%2Fwp%2Fv2%2Fcomments&post=10910"}],"version-history":[{"count":2,"href":"https:\/\/cafecommessias.com.br\/index.php?rest_route=\/wp\/v2\/posts\/10910\/revisions"}],"predecessor-version":[{"id":10913,"href":"https:\/\/cafecommessias.com.br\/index.php?rest_route=\/wp\/v2\/posts\/10910\/revisions\/10913"}],"wp:featuredmedia":[{"embeddable":true,"href":"https:\/\/cafecommessias.com.br\/index.php?rest_route=\/wp\/v2\/media\/10911"}],"wp:attachment":[{"href":"https:\/\/cafecommessias.com.br\/index.php?rest_route=%2Fwp%2Fv2%2Fmedia&parent=10910"}],"wp:term":[{"taxonomy":"category","embeddable":true,"href":"https:\/\/cafecommessias.com.br\/index.php?rest_route=%2Fwp%2Fv2%2Fcategories&post=10910"},{"taxonomy":"post_tag","embeddable":true,"href":"https:\/\/cafecommessias.com.br\/index.php?rest_route=%2Fwp%2Fv2%2Ftags&post=10910"}],"curies":[{"name":"wp","href":"https:\/\/api.w.org\/{rel}","templated":true}]}}