{"id":10914,"date":"2026-04-13T13:00:43","date_gmt":"2026-04-13T16:00:43","guid":{"rendered":"http:\/\/cafecommessias.com.br\/?p=10914"},"modified":"2026-04-13T13:01:01","modified_gmt":"2026-04-13T16:01:01","slug":"zema-diz-detestar-politicos-e-que-o-diabo-mandou-o-pt-a-minas","status":"publish","type":"post","link":"https:\/\/cafecommessias.com.br\/?p=10914","title":{"rendered":"Zema diz detestar pol\u00edticos e que o diabo mandou o PT a Minas"},"content":{"rendered":"\n<p>O pr\u00e9-candidato \u00e0 Presid\u00eancia, Romeu Zema (Novo), afirmou nesta 2\u00aa feira (13.abr.2026) que \u201cdetesta pol\u00edticos\u201d e disse que \u201co diabo mandou o PT a Minas\u201d. A declara\u00e7\u00e3o foi dada durante reuni\u00e3o do Conselho Pol\u00edtico e Social da Associa\u00e7\u00e3o Comercial de S\u00e3o Paulo, na capital paulista.<\/p>\n\n\n\n<p>Segundo Zema, sua entrada na pol\u00edtica foi por \u201cironia do destino\u201d. \u201cEu que sempre detestei pol\u00edtica durante toda a minha vida, me tornei governador de Minas e agora candidato \u00e0 Presid\u00eancia da Rep\u00fablica\u201d, disse. Em seguida, afirmou que passou a rever essa posi\u00e7\u00e3o depois do problema econ\u00f4mico de 2015 e 2016. \u201cFalei: \u2018Tem alguma coisa errada aqui com esse pa\u00eds. Todo mundo avan\u00e7ando e n\u00f3s aqui andando para tr\u00e1s\u2019\u201d, declarou. \u201cEu que sempre detestei pol\u00edtico. Falei: \u2018Eu acho que eu vou precisar mudar um pouco essa vis\u00e3o\u2019\u201d, completou.<\/p>\n\n\n\n<p>Ao criticar o per\u00edodo, Zema citou o ex-governador Fernando Pimentel (PT). \u201cAl\u00e9m do desastre do Brasil do PT, teve o desastre em Minas do PT. O diabo mandou para Minas o Fernando Pimentel, que foi o pior governador da hist\u00f3ria\u201d, afirmou. O petista comandou o Executivo de Minas Gerais de 2015 a 2018.<\/p>\n\n\n\n<p>Zema listou problemas que atribui \u00e0 gest\u00e3o anterior. \u201cFoi uma calamidade p\u00fablica. Atrasou sal\u00e1rios, n\u00e3o pagou 13\u00ba, n\u00e3o fez repasses para prefeituras de ICMS e IPVA\u201d, disse. Ele tamb\u00e9m mencionou o envio de servidores inadimplentes a cadastros de cr\u00e9dito. \u201cEle descontou o empr\u00e9stimo consignado dos funcion\u00e1rios e n\u00e3o pagou os bancos, sujando o nome de 240 mil servidores\u201d, afirmou.<\/p>\n\n\n\n<p>O pr\u00e9-candidato disse que decidiu entrar na pol\u00edtica ao observar a situa\u00e7\u00e3o do Estado. \u201cO m\u00ednimo que eu tenho que fazer \u00e9 estar envolvido nesse problema para mostrar que existe uma alternativa diferente\u201d, declarou.. Segundo ele, a cria\u00e7\u00e3o do Partido Novo contribuiu para a decis\u00e3o. \u201cUm partido que quer um Estado menor, que preza pela ficha limpa e pela seriedade\u201d, afirmou.<\/p>\n\n\n\n<p>Zema tamb\u00e9m defendeu sua gest\u00e3o em Minas. \u201cNos 7 anos em que fiquei \u00e0 frente do Estado, n\u00e3o tivemos nenhum esc\u00e2ndalo, nenhuma corrup\u00e7\u00e3o relevante\u201d, declarou. Ele afirmou ainda que n\u00e3o nomeou parentes. \u201cQuantos parentes eu levei para trabalhar no Estado? Zero\u201d, disse.<\/p>\n\n\n\n<p>Durante o evento, o pr\u00e9-candidato falou a empres\u00e1rios sobre sua trajet\u00f3ria no setor privado e defendeu uma atua\u00e7\u00e3o mais enxuta do Estado. \u201cN\u00e3o precisa ser g\u00eanio. S\u00f3 de fazer o certo, as coisas j\u00e1 d\u00e3o resultado\u201d, afirmou.<\/p>\n\n\n\n<p><em><sub>Por Poder360<\/sub><\/em><\/p>\n\n\n\n<p><\/p>\n","protected":false},"excerpt":{"rendered":"<p>O pr\u00e9-candidato \u00e0 Presid\u00eancia, Romeu Zema (Novo), afirmou nesta 2\u00aa feira (13.abr.2026) que \u201cdetesta pol\u00edticos\u201d e disse que \u201co diabo mandou o PT a Minas\u201d. A declara\u00e7\u00e3o foi dada durante reuni\u00e3o do Conselho Pol\u00edtico e Social da Associa\u00e7\u00e3o Comercial de S\u00e3o Paulo, na capital paulista. Segundo Zema, sua entrada na pol\u00edtica foi por \u201cironia do&#8230;<\/p>\n","protected":false},"author":1,"featured_media":10915,"comment_status":"open","ping_status":"closed","sticky":false,"template":"","format":"standard","meta":{"footnotes":""},"categories":[6],"tags":[],"class_list":["post-10914","post","type-post","status-publish","format-standard","has-post-thumbnail","hentry","category-politica"],"_links":{"self":[{"href":"https:\/\/cafecommessias.com.br\/index.php?rest_route=\/wp\/v2\/posts\/10914","targetHints":{"allow":["GET"]}}],"collection":[{"href":"https:\/\/cafecommessias.com.br\/index.php?rest_route=\/wp\/v2\/posts"}],"about":[{"href":"https:\/\/cafecommessias.com.br\/index.php?rest_route=\/wp\/v2\/types\/post"}],"author":[{"embeddable":true,"href":"https:\/\/cafecommessias.com.br\/index.php?rest_route=\/wp\/v2\/users\/1"}],"replies":[{"embeddable":true,"href":"https:\/\/cafecommessias.com.br\/index.php?rest_route=%2Fwp%2Fv2%2Fcomments&post=10914"}],"version-history":[{"count":1,"href":"https:\/\/cafecommessias.com.br\/index.php?rest_route=\/wp\/v2\/posts\/10914\/revisions"}],"predecessor-version":[{"id":10916,"href":"https:\/\/cafecommessias.com.br\/index.php?rest_route=\/wp\/v2\/posts\/10914\/revisions\/10916"}],"wp:featuredmedia":[{"embeddable":true,"href":"https:\/\/cafecommessias.com.br\/index.php?rest_route=\/wp\/v2\/media\/10915"}],"wp:attachment":[{"href":"https:\/\/cafecommessias.com.br\/index.php?rest_route=%2Fwp%2Fv2%2Fmedia&parent=10914"}],"wp:term":[{"taxonomy":"category","embeddable":true,"href":"https:\/\/cafecommessias.com.br\/index.php?rest_route=%2Fwp%2Fv2%2Fcategories&post=10914"},{"taxonomy":"post_tag","embeddable":true,"href":"https:\/\/cafecommessias.com.br\/index.php?rest_route=%2Fwp%2Fv2%2Ftags&post=10914"}],"curies":[{"name":"wp","href":"https:\/\/api.w.org\/{rel}","templated":true}]}}