{"id":10941,"date":"2026-04-19T11:26:48","date_gmt":"2026-04-19T14:26:48","guid":{"rendered":"http:\/\/cafecommessias.com.br\/?p=10941"},"modified":"2026-04-19T11:28:19","modified_gmt":"2026-04-19T14:28:19","slug":"governo-lula-se-aproxima-de-r-1-bilhao-em-gastos-com-viagens-internacionais","status":"publish","type":"post","link":"https:\/\/cafecommessias.com.br\/?p=10941","title":{"rendered":"Governo Lula se aproxima de R$ 1 bilh\u00e3o em gastos com viagens internacionais"},"content":{"rendered":"\n<p>O governo do presidente Luiz In\u00e1cio Lula da Silva est\u00e1 pr\u00f3ximo de atingir R$ 1 bilh\u00e3o em gastos com viagens internacionais desde o in\u00edcio do atual mandato, em 2023. At\u00e9 o momento, as despesas somam R$ 972 milh\u00f5es no exterior, enquanto as viagens nacionais j\u00e1 custaram R$ 6,2 bilh\u00f5es.<\/p>\n\n\n\n<p>Os dados coincidem com mais um giro internacional do presidente, que nesta semana cumpre agenda na Europa, com visitas \u00e0 Espanha, Alemanha e Portugal ao longo de seis dias.<\/p>\n\n\n\n<p>A comitiva re\u00fane ao menos 14 ministros e presidentes de estatais, com previs\u00e3o de mais de 30 acordos e an\u00fancios em diferentes \u00e1reas.<\/p>\n\n\n\n<p><strong>Viagens de Janja e TCU<\/strong><\/p>\n\n\n\n<p>A primeira-dama Ros\u00e2ngela Lula da Silva antecipou sua ida \u00e0 Espanha e cumpriu agenda em Madri voltada ao enfrentamento da viol\u00eancia contra mulheres. Entre os compromissos, visitou o sistema VioG\u00e9n, de monitoramento de casos de viol\u00eancia de g\u00eanero, e se reuniu com autoridades locais.<\/p>\n\n\n\n<p>No in\u00edcio do m\u00eas, o Tribunal de Contas da Uni\u00e3o arquivou, por unanimidade, processos que analisavam gastos e viagens da primeira-dama. Segundo o \u00f3rg\u00e3o, n\u00e3o foram identificadas irregularidades, e as agendas seguiram normas legais, sem preju\u00edzo aos cofres p\u00fablicos.<\/p>\n\n\n\n<p class=\"has-text-align-center\"><strong><em>PUBLICIDADE<\/em><\/strong><\/p>\n\n\n\n<figure class=\"wp-block-image size-full\"><img loading=\"lazy\" decoding=\"async\" width=\"750\" height=\"200\" src=\"http:\/\/cafecommessias.com.br\/wp-content\/uploads\/2026\/04\/Lixo-nas-Ruas_750x200.png\" alt=\"\" class=\"wp-image-10810\" srcset=\"https:\/\/cafecommessias.com.br\/wp-content\/uploads\/2026\/04\/Lixo-nas-Ruas_750x200.png 750w, https:\/\/cafecommessias.com.br\/wp-content\/uploads\/2026\/04\/Lixo-nas-Ruas_750x200-300x80.png 300w\" sizes=\"auto, (max-width: 750px) 100vw, 750px\" \/><\/figure>\n","protected":false},"excerpt":{"rendered":"<p>O governo do presidente Luiz In\u00e1cio Lula da Silva est\u00e1 pr\u00f3ximo de atingir R$ 1 bilh\u00e3o em gastos com viagens internacionais desde o in\u00edcio do atual mandato, em 2023. At\u00e9 o momento, as despesas somam R$ 972 milh\u00f5es no exterior, enquanto as viagens nacionais j\u00e1 custaram R$ 6,2 bilh\u00f5es. Os dados coincidem com mais um&#8230;<\/p>\n","protected":false},"author":1,"featured_media":10942,"comment_status":"open","ping_status":"closed","sticky":false,"template":"","format":"standard","meta":{"footnotes":""},"categories":[4,37],"tags":[],"class_list":["post-10941","post","type-post","status-publish","format-standard","has-post-thumbnail","hentry","category-anuncie-aqui","category-brasil"],"_links":{"self":[{"href":"https:\/\/cafecommessias.com.br\/index.php?rest_route=\/wp\/v2\/posts\/10941","targetHints":{"allow":["GET"]}}],"collection":[{"href":"https:\/\/cafecommessias.com.br\/index.php?rest_route=\/wp\/v2\/posts"}],"about":[{"href":"https:\/\/cafecommessias.com.br\/index.php?rest_route=\/wp\/v2\/types\/post"}],"author":[{"embeddable":true,"href":"https:\/\/cafecommessias.com.br\/index.php?rest_route=\/wp\/v2\/users\/1"}],"replies":[{"embeddable":true,"href":"https:\/\/cafecommessias.com.br\/index.php?rest_route=%2Fwp%2Fv2%2Fcomments&post=10941"}],"version-history":[{"count":2,"href":"https:\/\/cafecommessias.com.br\/index.php?rest_route=\/wp\/v2\/posts\/10941\/revisions"}],"predecessor-version":[{"id":10944,"href":"https:\/\/cafecommessias.com.br\/index.php?rest_route=\/wp\/v2\/posts\/10941\/revisions\/10944"}],"wp:featuredmedia":[{"embeddable":true,"href":"https:\/\/cafecommessias.com.br\/index.php?rest_route=\/wp\/v2\/media\/10942"}],"wp:attachment":[{"href":"https:\/\/cafecommessias.com.br\/index.php?rest_route=%2Fwp%2Fv2%2Fmedia&parent=10941"}],"wp:term":[{"taxonomy":"category","embeddable":true,"href":"https:\/\/cafecommessias.com.br\/index.php?rest_route=%2Fwp%2Fv2%2Fcategories&post=10941"},{"taxonomy":"post_tag","embeddable":true,"href":"https:\/\/cafecommessias.com.br\/index.php?rest_route=%2Fwp%2Fv2%2Ftags&post=10941"}],"curies":[{"name":"wp","href":"https:\/\/api.w.org\/{rel}","templated":true}]}}