{"id":10955,"date":"2026-04-19T11:41:03","date_gmt":"2026-04-19T14:41:03","guid":{"rendered":"http:\/\/cafecommessias.com.br\/?p=10955"},"modified":"2026-04-19T11:41:19","modified_gmt":"2026-04-19T14:41:19","slug":"limite-de-caches-imposto-por-orgaos-de-controle-forca-mudancas-no-sao-joao-de-joao-camara","status":"publish","type":"post","link":"https:\/\/cafecommessias.com.br\/?p=10955","title":{"rendered":"Limite de cach\u00eas imposto por \u00f3rg\u00e3os de controle for\u00e7a mudan\u00e7as no S\u00e3o Jo\u00e3o de Jo\u00e3o C\u00e2mara"},"content":{"rendered":"\n<p>A recomenda\u00e7\u00e3o dos \u00f3rg\u00e3os de controle do Rio Grande do Norte que estabelece limite para cach\u00eas de artistas em festas juninas j\u00e1 impacta a programa\u00e7\u00e3o de munic\u00edpios do estado. Em Jo\u00e3o C\u00e2mara, a prefeita Aize Bezerra informou em lave nas redes sociais que precisou cancelar atra\u00e7\u00f5es e reformular o S\u00e3o Jo\u00e3o da cidade para se adequar \u00e0s novas regras.<\/p>\n\n\n\n<p>Compras Governamentais<\/p>\n\n\n\n<p>A medida, assinada pelo Minist\u00e9rio P\u00fablico do Rio Grande do Norte e pelo Tribunal de Contas do Estado do Rio Grande do Norte, fixa o teto de at\u00e9 R$ 700 mil para contrata\u00e7\u00e3o de artistas, com valores proporcionais mais baixos para cidades de menor porte. O objetivo, segundo os \u00f3rg\u00e3os, \u00e9 garantir o uso respons\u00e1vel dos recursos p\u00fablicos.<\/p>\n\n\n\n<p>De acordo com a gest\u00e3o municipal, a limita\u00e7\u00e3o j\u00e1 interfere diretamente no planejamento do evento, tradicional na regi\u00e3o. A prefeitura afirma que est\u00e1 buscando novas atra\u00e7\u00f5es dentro do valor estipulado, a fim de manter a realiza\u00e7\u00e3o da festa.<\/p>\n\n\n\n<p>A recomenda\u00e7\u00e3o tem car\u00e1ter orientativo, mas costuma ser seguida pelos gestores para evitar questionamentos futuros. Especialistas apontam que a medida pode reduzir a participa\u00e7\u00e3o de artistas de grande porte nos festejos juninos do estado, impactando o perfil dos eventos neste ano.<\/p>\n\n\n\n<p><\/p>\n","protected":false},"excerpt":{"rendered":"<p>A recomenda\u00e7\u00e3o dos \u00f3rg\u00e3os de controle do Rio Grande do Norte que estabelece limite para cach\u00eas de artistas em festas juninas j\u00e1 impacta a programa\u00e7\u00e3o de munic\u00edpios do estado. Em Jo\u00e3o C\u00e2mara, a prefeita Aize Bezerra informou em lave nas redes sociais que precisou cancelar atra\u00e7\u00f5es e reformular o S\u00e3o Jo\u00e3o da cidade para se&#8230;<\/p>\n","protected":false},"author":1,"featured_media":10956,"comment_status":"open","ping_status":"closed","sticky":false,"template":"","format":"standard","meta":{"footnotes":""},"categories":[8],"tags":[],"class_list":["post-10955","post","type-post","status-publish","format-standard","has-post-thumbnail","hentry","category-cidades"],"_links":{"self":[{"href":"https:\/\/cafecommessias.com.br\/index.php?rest_route=\/wp\/v2\/posts\/10955","targetHints":{"allow":["GET"]}}],"collection":[{"href":"https:\/\/cafecommessias.com.br\/index.php?rest_route=\/wp\/v2\/posts"}],"about":[{"href":"https:\/\/cafecommessias.com.br\/index.php?rest_route=\/wp\/v2\/types\/post"}],"author":[{"embeddable":true,"href":"https:\/\/cafecommessias.com.br\/index.php?rest_route=\/wp\/v2\/users\/1"}],"replies":[{"embeddable":true,"href":"https:\/\/cafecommessias.com.br\/index.php?rest_route=%2Fwp%2Fv2%2Fcomments&post=10955"}],"version-history":[{"count":1,"href":"https:\/\/cafecommessias.com.br\/index.php?rest_route=\/wp\/v2\/posts\/10955\/revisions"}],"predecessor-version":[{"id":10957,"href":"https:\/\/cafecommessias.com.br\/index.php?rest_route=\/wp\/v2\/posts\/10955\/revisions\/10957"}],"wp:featuredmedia":[{"embeddable":true,"href":"https:\/\/cafecommessias.com.br\/index.php?rest_route=\/wp\/v2\/media\/10956"}],"wp:attachment":[{"href":"https:\/\/cafecommessias.com.br\/index.php?rest_route=%2Fwp%2Fv2%2Fmedia&parent=10955"}],"wp:term":[{"taxonomy":"category","embeddable":true,"href":"https:\/\/cafecommessias.com.br\/index.php?rest_route=%2Fwp%2Fv2%2Fcategories&post=10955"},{"taxonomy":"post_tag","embeddable":true,"href":"https:\/\/cafecommessias.com.br\/index.php?rest_route=%2Fwp%2Fv2%2Ftags&post=10955"}],"curies":[{"name":"wp","href":"https:\/\/api.w.org\/{rel}","templated":true}]}}