{"id":10961,"date":"2026-04-19T11:44:41","date_gmt":"2026-04-19T14:44:41","guid":{"rendered":"http:\/\/cafecommessias.com.br\/?p=10961"},"modified":"2026-04-19T11:44:55","modified_gmt":"2026-04-19T14:44:55","slug":"allyson-bezerra-amplia-apoios-no-interior-e-fortalece-pre-candidatura-ao-governo-do-rn","status":"publish","type":"post","link":"https:\/\/cafecommessias.com.br\/?p=10961","title":{"rendered":"Allyson Bezerra amplia apoios no interior e fortalece pr\u00e9-candidatura ao Governo do RN"},"content":{"rendered":"\n<p>O prefeito de Mossor\u00f3, Allyson Bezerra, segue ampliando sua base pol\u00edtica no interior do Rio Grande do Norte. Nesta sexta-feira (17), lideran\u00e7as do munic\u00edpio de Jo\u00e3o Dias oficializaram apoio \u00e0 sua pr\u00e9-candidatura ao Governo do Estado.<\/p>\n\n\n\n<p>Entre os apoiadores est\u00e3o o presidente da C\u00e2mara Municipal, Marcelo Linhares, al\u00e9m dos vereadores Dr. Jorisnaldo, Leandro Lima, Tha\u00edsa Diniz e F\u00e1tima Oliveira.<\/p>\n\n\n\n<p>O an\u00fancio refor\u00e7a o avan\u00e7o da articula\u00e7\u00e3o pol\u00edtica de Allyson, que vem consolidando apoios em diferentes regi\u00f5es do estado.<\/p>\n\n\n\n<p>A movimenta\u00e7\u00e3o indica o fortalecimento de seu nome no cen\u00e1rio pr\u00e9-eleitoral e o aumento da capilaridade de sua pr\u00e9-campanha.<\/p>\n","protected":false},"excerpt":{"rendered":"<p>O prefeito de Mossor\u00f3, Allyson Bezerra, segue ampliando sua base pol\u00edtica no interior do Rio Grande do Norte. Nesta sexta-feira (17), lideran\u00e7as do munic\u00edpio de Jo\u00e3o Dias oficializaram apoio \u00e0 sua pr\u00e9-candidatura ao Governo do Estado. Entre os apoiadores est\u00e3o o presidente da C\u00e2mara Municipal, Marcelo Linhares, al\u00e9m dos vereadores Dr. Jorisnaldo, Leandro Lima, Tha\u00edsa&#8230;<\/p>\n","protected":false},"author":1,"featured_media":10962,"comment_status":"open","ping_status":"closed","sticky":false,"template":"","format":"standard","meta":{"footnotes":""},"categories":[3],"tags":[],"class_list":["post-10961","post","type-post","status-publish","format-standard","has-post-thumbnail","hentry","category-geral"],"_links":{"self":[{"href":"https:\/\/cafecommessias.com.br\/index.php?rest_route=\/wp\/v2\/posts\/10961","targetHints":{"allow":["GET"]}}],"collection":[{"href":"https:\/\/cafecommessias.com.br\/index.php?rest_route=\/wp\/v2\/posts"}],"about":[{"href":"https:\/\/cafecommessias.com.br\/index.php?rest_route=\/wp\/v2\/types\/post"}],"author":[{"embeddable":true,"href":"https:\/\/cafecommessias.com.br\/index.php?rest_route=\/wp\/v2\/users\/1"}],"replies":[{"embeddable":true,"href":"https:\/\/cafecommessias.com.br\/index.php?rest_route=%2Fwp%2Fv2%2Fcomments&post=10961"}],"version-history":[{"count":1,"href":"https:\/\/cafecommessias.com.br\/index.php?rest_route=\/wp\/v2\/posts\/10961\/revisions"}],"predecessor-version":[{"id":10963,"href":"https:\/\/cafecommessias.com.br\/index.php?rest_route=\/wp\/v2\/posts\/10961\/revisions\/10963"}],"wp:featuredmedia":[{"embeddable":true,"href":"https:\/\/cafecommessias.com.br\/index.php?rest_route=\/wp\/v2\/media\/10962"}],"wp:attachment":[{"href":"https:\/\/cafecommessias.com.br\/index.php?rest_route=%2Fwp%2Fv2%2Fmedia&parent=10961"}],"wp:term":[{"taxonomy":"category","embeddable":true,"href":"https:\/\/cafecommessias.com.br\/index.php?rest_route=%2Fwp%2Fv2%2Fcategories&post=10961"},{"taxonomy":"post_tag","embeddable":true,"href":"https:\/\/cafecommessias.com.br\/index.php?rest_route=%2Fwp%2Fv2%2Ftags&post=10961"}],"curies":[{"name":"wp","href":"https:\/\/api.w.org\/{rel}","templated":true}]}}