{"id":10967,"date":"2026-04-19T11:50:46","date_gmt":"2026-04-19T14:50:46","guid":{"rendered":"http:\/\/cafecommessias.com.br\/?p=10967"},"modified":"2026-04-19T11:51:02","modified_gmt":"2026-04-19T14:51:02","slug":"ex-prefeito-de-bento-fernandes-anuncia-pre-candidatura-a-deputado-estadual-pelo-mdb","status":"publish","type":"post","link":"https:\/\/cafecommessias.com.br\/?p=10967","title":{"rendered":"Ex-prefeito de Bento Fernandes anuncia pr\u00e9-candidatura a deputado estadual pelo MDB"},"content":{"rendered":"\n<p>O ex-prefeito de Bento Fernandes, J\u00fanior Marques, confirmou a pr\u00e9-candidatura a deputado estadual pelo MDB, refor\u00e7ando a nominata do partido na disputa das Elei\u00e7\u00f5es 2026.<\/p>\n\n\n\n<p>Com uma trajet\u00f3ria consolidada na pol\u00edtica, J\u00fanior Marques foi prefeito de Bento Fernandes por dois mandatos, al\u00e9m de j\u00e1 ter exercido o cargo de vereador. Durante sua gest\u00e3o \u00e0 frente da prefeitura, destacou-se pela alta aprova\u00e7\u00e3o popular, fruto de uma administra\u00e7\u00e3o voltada para resultados e proximidade com a popula\u00e7\u00e3o.<\/p>\n\n\n\n<p>Agora, ele chega \u00e0 disputa por uma vaga na Assembleia Legislativa com o objetivo de ampliar sua atua\u00e7\u00e3o em favor do Rio Grande do Norte.<\/p>\n\n\n\n<p>\u201cRecebo esse desafio com muita responsabilidade e entusiasmo. Sempre fui fiel ao MDB, partido que me deu oportunidades e com o qual tenho uma hist\u00f3ria constru\u00edda. Quero continuar trabalhando pelo nosso povo, agora em uma nova miss\u00e3o\u201d, afirmou J\u00fanior Marques.<\/p>\n\n\n\n<p>O presidente estadual do MDB e pr\u00e9-candidato a deputado estadual, Walter Alves, avaliou a chegada do ex-prefeito \u00e0 nominata do partido. \u201cJ\u00fanior \u00e9 um nome com experi\u00eancia comprovada e servi\u00e7os prestados. Agrade\u00e7o por aceitar esse desafio e refor\u00e7ar nosso time. Ele chega para somar a uma nominata que est\u00e1 altamente qualificada e preparada para a disputa eleitoral\u201d, destacou.<\/p>\n","protected":false},"excerpt":{"rendered":"<p>O ex-prefeito de Bento Fernandes, J\u00fanior Marques, confirmou a pr\u00e9-candidatura a deputado estadual pelo MDB, refor\u00e7ando a nominata do partido na disputa das Elei\u00e7\u00f5es 2026. Com uma trajet\u00f3ria consolidada na pol\u00edtica, J\u00fanior Marques foi prefeito de Bento Fernandes por dois mandatos, al\u00e9m de j\u00e1 ter exercido o cargo de vereador. Durante sua gest\u00e3o \u00e0 frente&#8230;<\/p>\n","protected":false},"author":1,"featured_media":10968,"comment_status":"open","ping_status":"closed","sticky":false,"template":"","format":"standard","meta":{"footnotes":""},"categories":[8],"tags":[],"class_list":["post-10967","post","type-post","status-publish","format-standard","has-post-thumbnail","hentry","category-cidades"],"_links":{"self":[{"href":"https:\/\/cafecommessias.com.br\/index.php?rest_route=\/wp\/v2\/posts\/10967","targetHints":{"allow":["GET"]}}],"collection":[{"href":"https:\/\/cafecommessias.com.br\/index.php?rest_route=\/wp\/v2\/posts"}],"about":[{"href":"https:\/\/cafecommessias.com.br\/index.php?rest_route=\/wp\/v2\/types\/post"}],"author":[{"embeddable":true,"href":"https:\/\/cafecommessias.com.br\/index.php?rest_route=\/wp\/v2\/users\/1"}],"replies":[{"embeddable":true,"href":"https:\/\/cafecommessias.com.br\/index.php?rest_route=%2Fwp%2Fv2%2Fcomments&post=10967"}],"version-history":[{"count":1,"href":"https:\/\/cafecommessias.com.br\/index.php?rest_route=\/wp\/v2\/posts\/10967\/revisions"}],"predecessor-version":[{"id":10969,"href":"https:\/\/cafecommessias.com.br\/index.php?rest_route=\/wp\/v2\/posts\/10967\/revisions\/10969"}],"wp:featuredmedia":[{"embeddable":true,"href":"https:\/\/cafecommessias.com.br\/index.php?rest_route=\/wp\/v2\/media\/10968"}],"wp:attachment":[{"href":"https:\/\/cafecommessias.com.br\/index.php?rest_route=%2Fwp%2Fv2%2Fmedia&parent=10967"}],"wp:term":[{"taxonomy":"category","embeddable":true,"href":"https:\/\/cafecommessias.com.br\/index.php?rest_route=%2Fwp%2Fv2%2Fcategories&post=10967"},{"taxonomy":"post_tag","embeddable":true,"href":"https:\/\/cafecommessias.com.br\/index.php?rest_route=%2Fwp%2Fv2%2Ftags&post=10967"}],"curies":[{"name":"wp","href":"https:\/\/api.w.org\/{rel}","templated":true}]}}