{"id":10977,"date":"2026-04-21T11:42:31","date_gmt":"2026-04-21T14:42:31","guid":{"rendered":"https:\/\/cafecommessias.com.br\/?p=10977"},"modified":"2026-04-21T12:56:55","modified_gmt":"2026-04-21T15:56:55","slug":"7-vereadores-de-sao-rafael-fecham-com-alvaro-e-baba","status":"publish","type":"post","link":"https:\/\/cafecommessias.com.br\/?p=10977","title":{"rendered":"Grupo de vereadores de S\u00e3o Rafael fecham com \u00c1lvaro e Bab\u00e1"},"content":{"rendered":"\n<p>A pr\u00e9-candidatura de \u00c1lvaro Dias ao Governo do Rio Grande do Norte, ao lado de Bab\u00e1 Pereira como vice, ganhou mais um refor\u00e7o expressivo, esta semana, no interior do estado. No munic\u00edpio de S\u00e3o Rafael, um grupo de Seis dos nove vereadores da cidade liderados por <strong>F\u00e1bio de Lul\u00fa<\/strong>, anunciaram apoio \u00e0 chapa.<\/p>\n\n\n\n<p>O an\u00fancio foi marcado por um encontro entre as lideran\u00e7as locais e Bab\u00e1 Pereira, em clima de uni\u00e3o e compromisso coletivo. As imagens divulgadas mostram o grupo reunido e refor\u00e7ando o apoio conjunto ao projeto.<\/p>\n\n\n\n<p>\u201cSeguimos firmes, somando for\u00e7as e construindo um novo caminho\u201d, destacou Bab\u00e1 ao registrar o momento.<\/p>\n\n\n\n<p class=\"has-text-align-center\"><strong><em>PUBLICIDADE<\/em><\/strong><\/p>\n\n\n\n<figure class=\"wp-block-image size-full\"><img loading=\"lazy\" decoding=\"async\" width=\"750\" height=\"200\" src=\"http:\/\/cafecommessias.com.br\/wp-content\/uploads\/2026\/04\/Lixo-nas-Ruas_750x200.png\" alt=\"\" class=\"wp-image-10810\" srcset=\"https:\/\/cafecommessias.com.br\/wp-content\/uploads\/2026\/04\/Lixo-nas-Ruas_750x200.png 750w, https:\/\/cafecommessias.com.br\/wp-content\/uploads\/2026\/04\/Lixo-nas-Ruas_750x200-300x80.png 300w\" sizes=\"auto, (max-width: 750px) 100vw, 750px\" \/><\/figure>\n","protected":false},"excerpt":{"rendered":"<p>A pr\u00e9-candidatura de \u00c1lvaro Dias ao Governo do Rio Grande do Norte, ao lado de Bab\u00e1 Pereira como vice, ganhou mais um refor\u00e7o expressivo, esta semana, no interior do estado. No munic\u00edpio de S\u00e3o Rafael, um grupo de Seis dos nove vereadores da cidade liderados por F\u00e1bio de Lul\u00fa, anunciaram apoio \u00e0 chapa. O an\u00fancio&#8230;<\/p>\n","protected":false},"author":1,"featured_media":10978,"comment_status":"open","ping_status":"closed","sticky":false,"template":"","format":"standard","meta":{"footnotes":""},"categories":[4,8],"tags":[],"class_list":["post-10977","post","type-post","status-publish","format-standard","has-post-thumbnail","hentry","category-anuncie-aqui","category-cidades"],"_links":{"self":[{"href":"https:\/\/cafecommessias.com.br\/index.php?rest_route=\/wp\/v2\/posts\/10977","targetHints":{"allow":["GET"]}}],"collection":[{"href":"https:\/\/cafecommessias.com.br\/index.php?rest_route=\/wp\/v2\/posts"}],"about":[{"href":"https:\/\/cafecommessias.com.br\/index.php?rest_route=\/wp\/v2\/types\/post"}],"author":[{"embeddable":true,"href":"https:\/\/cafecommessias.com.br\/index.php?rest_route=\/wp\/v2\/users\/1"}],"replies":[{"embeddable":true,"href":"https:\/\/cafecommessias.com.br\/index.php?rest_route=%2Fwp%2Fv2%2Fcomments&post=10977"}],"version-history":[{"count":4,"href":"https:\/\/cafecommessias.com.br\/index.php?rest_route=\/wp\/v2\/posts\/10977\/revisions"}],"predecessor-version":[{"id":10986,"href":"https:\/\/cafecommessias.com.br\/index.php?rest_route=\/wp\/v2\/posts\/10977\/revisions\/10986"}],"wp:featuredmedia":[{"embeddable":true,"href":"https:\/\/cafecommessias.com.br\/index.php?rest_route=\/wp\/v2\/media\/10978"}],"wp:attachment":[{"href":"https:\/\/cafecommessias.com.br\/index.php?rest_route=%2Fwp%2Fv2%2Fmedia&parent=10977"}],"wp:term":[{"taxonomy":"category","embeddable":true,"href":"https:\/\/cafecommessias.com.br\/index.php?rest_route=%2Fwp%2Fv2%2Fcategories&post=10977"},{"taxonomy":"post_tag","embeddable":true,"href":"https:\/\/cafecommessias.com.br\/index.php?rest_route=%2Fwp%2Fv2%2Ftags&post=10977"}],"curies":[{"name":"wp","href":"https:\/\/api.w.org\/{rel}","templated":true}]}}