{"id":10992,"date":"2026-04-25T09:39:47","date_gmt":"2026-04-25T12:39:47","guid":{"rendered":"https:\/\/cafecommessias.com.br\/?p=10992"},"modified":"2026-04-25T09:40:04","modified_gmt":"2026-04-25T12:40:04","slug":"alerta-de-mais-chuva-no-rn-apos-sexta-caotica-inmet-preve-ventos-fortes-e-risco-neste-sabado-veja-detalhes","status":"publish","type":"post","link":"https:\/\/cafecommessias.com.br\/?p=10992","title":{"rendered":"ALERTA DE MAIS CHUVA NO RN: ap\u00f3s sexta ca\u00f3tica, Inmet prev\u00ea ventos fortes e risco neste s\u00e1bado; veja detalhes"},"content":{"rendered":"\n<p>Ap\u00f3s uma sexta-feira (24) marcada por alagamentos e transtornos, o RN voltou a entrar em alerta para chuvas intensas neste s\u00e1bado (25). De acordo com o Instituto Nacional de Meteorologia (Inmet), h\u00e1 previs\u00e3o de precipita\u00e7\u00f5es entre 20 e 30 mm por hora, podendo chegar a 50 mm ao longo do dia, al\u00e9m de ventos que podem atingir at\u00e9 60 km\/h, o que aumenta o risco de novos pontos de alagamento.<\/p>\n\n\n\n<p>Segundo o Inmet, o aviso \u00e9 classificado como de perigo potencial, indicando baixo risco para ocorr\u00eancias como corte de energia el\u00e9trica, queda de galhos de \u00e1rvores, descargas el\u00e9tricas e alagamentos, especialmente em \u00e1reas mais vulner\u00e1veis.<\/p>\n\n\n\n<p>O \u00f3rg\u00e3o orienta que, em caso de rajadas de vento, a popula\u00e7\u00e3o evite se abrigar sob \u00e1rvores e n\u00e3o estacione ve\u00edculos pr\u00f3ximos a torres de transmiss\u00e3o ou placas de propaganda. Tamb\u00e9m \u00e9 recomendado evitar o uso de aparelhos eletr\u00f4nicos ligados \u00e0 tomada durante as chuvas.<\/p>\n\n\n\n<figure class=\"wp-block-image size-full is-resized\"><img loading=\"lazy\" decoding=\"async\" width=\"460\" height=\"303\" src=\"http:\/\/cafecommessias.com.br\/wp-content\/uploads\/2026\/04\/chuvas.jpeg\" alt=\"\" class=\"wp-image-10993\" style=\"aspect-ratio:1.5181601712029418;width:806px;height:auto\" srcset=\"https:\/\/cafecommessias.com.br\/wp-content\/uploads\/2026\/04\/chuvas.jpeg 460w, https:\/\/cafecommessias.com.br\/wp-content\/uploads\/2026\/04\/chuvas-300x198.jpeg 300w\" sizes=\"auto, (max-width: 460px) 100vw, 460px\" \/><\/figure>\n\n\n\n<p class=\"has-text-align-center\"><strong><em>Foto: Divulga\u00e7\u00e3o\/Inmet<\/em><\/strong><\/p>\n\n\n\n<p>Em caso de necessidade, a orienta\u00e7\u00e3o \u00e9 acionar a Defesa Civil, pelo telefone 199, e o Corpo de Bombeiros, pelo 193, conforme informa\u00e7\u00f5es oficiais.<\/p>\n\n\n\n<p><strong>Dia de alagamentos e transtornos<\/strong><\/p>\n\n\n\n<p>As chuvas registradas na sexta (24) provocaram alagamentos e diversos transtornos em munic\u00edpios da Regi\u00e3o Metropolitana de Natal, como Parnamirim, Natal e Extremoz. At\u00e9 o in\u00edcio da tarde, n\u00e3o havia registro oficial de pessoas desalojadas ou desabrigadas, segundo a Defesa Civil.<\/p>\n\n\n\n<p>De acordo com o balan\u00e7o estadual, Parnamirim acumulou cerca de 131 mil\u00edmetros de chuva em 24 horas, com transbordamento de lagoas de capta\u00e7\u00e3o. Em Extremoz, foram registrados alagamentos em ruas e a abertura de uma cratera em via p\u00fablica. J\u00e1 em Natal, diversas vias ficaram intransit\u00e1veis ou parcialmente obstru\u00eddas, com registros de alagamentos em \u00e1reas como o bairro das Rocas.<\/p>\n","protected":false},"excerpt":{"rendered":"<p>Ap\u00f3s uma sexta-feira (24) marcada por alagamentos e transtornos, o RN voltou a entrar em alerta para chuvas intensas neste s\u00e1bado (25). De acordo com o Instituto Nacional de Meteorologia (Inmet), h\u00e1 previs\u00e3o de precipita\u00e7\u00f5es entre 20 e 30 mm por hora, podendo chegar a 50 mm ao longo do dia, al\u00e9m de ventos que&#8230;<\/p>\n","protected":false},"author":1,"featured_media":10994,"comment_status":"open","ping_status":"closed","sticky":false,"template":"","format":"standard","meta":{"footnotes":""},"categories":[3],"tags":[],"class_list":["post-10992","post","type-post","status-publish","format-standard","has-post-thumbnail","hentry","category-geral"],"_links":{"self":[{"href":"https:\/\/cafecommessias.com.br\/index.php?rest_route=\/wp\/v2\/posts\/10992","targetHints":{"allow":["GET"]}}],"collection":[{"href":"https:\/\/cafecommessias.com.br\/index.php?rest_route=\/wp\/v2\/posts"}],"about":[{"href":"https:\/\/cafecommessias.com.br\/index.php?rest_route=\/wp\/v2\/types\/post"}],"author":[{"embeddable":true,"href":"https:\/\/cafecommessias.com.br\/index.php?rest_route=\/wp\/v2\/users\/1"}],"replies":[{"embeddable":true,"href":"https:\/\/cafecommessias.com.br\/index.php?rest_route=%2Fwp%2Fv2%2Fcomments&post=10992"}],"version-history":[{"count":1,"href":"https:\/\/cafecommessias.com.br\/index.php?rest_route=\/wp\/v2\/posts\/10992\/revisions"}],"predecessor-version":[{"id":10995,"href":"https:\/\/cafecommessias.com.br\/index.php?rest_route=\/wp\/v2\/posts\/10992\/revisions\/10995"}],"wp:featuredmedia":[{"embeddable":true,"href":"https:\/\/cafecommessias.com.br\/index.php?rest_route=\/wp\/v2\/media\/10994"}],"wp:attachment":[{"href":"https:\/\/cafecommessias.com.br\/index.php?rest_route=%2Fwp%2Fv2%2Fmedia&parent=10992"}],"wp:term":[{"taxonomy":"category","embeddable":true,"href":"https:\/\/cafecommessias.com.br\/index.php?rest_route=%2Fwp%2Fv2%2Fcategories&post=10992"},{"taxonomy":"post_tag","embeddable":true,"href":"https:\/\/cafecommessias.com.br\/index.php?rest_route=%2Fwp%2Fv2%2Ftags&post=10992"}],"curies":[{"name":"wp","href":"https:\/\/api.w.org\/{rel}","templated":true}]}}