{"id":10996,"date":"2026-04-25T09:43:29","date_gmt":"2026-04-25T12:43:29","guid":{"rendered":"https:\/\/cafecommessias.com.br\/?p=10996"},"modified":"2026-04-25T09:51:06","modified_gmt":"2026-04-25T12:51:06","slug":"r-41-milhoes-travados-e-obras-afetadas-nina-apresenta-documentos-e-aponta-retencao-de-recursos-do-governo-federal-em-natal","status":"publish","type":"post","link":"https:\/\/cafecommessias.com.br\/?p=10996","title":{"rendered":"R$ 41 MILH\u00d5ES TRAVADOS E OBRAS AFETADAS: Nina apresenta documentos e aponta reten\u00e7\u00e3o de recursos do Governo Federal em Natal"},"content":{"rendered":"\n<p>A vereadora Nina Souza (PL) apresentou documentos oficiais que, segundo ela, apontam a reten\u00e7\u00e3o de cerca de R$ 41 milh\u00f5es em recursos federais destinados a obras em Natal. De acordo com a Prefeitura, esses valores est\u00e3o ligados a conv\u00eanios nas \u00e1reas de mobilidade urbana, infraestrutura e sa\u00fade \u2014 e a demora na libera\u00e7\u00e3o j\u00e1 estaria afetando o andamento de servi\u00e7os na capital.<\/p>\n\n\n\n<p>Entre os materiais apresentados est\u00e1 um of\u00edcio de 73 p\u00e1ginas encaminhado ao Governo Federal, no qual a gest\u00e3o municipal pede apoio para destravar os recursos considerados pendentes, conforme informa\u00e7\u00f5es divulgadas pelo BNews Natal. O documento vem acompanhado de um relat\u00f3rio da Secretaria de Planejamento (Sempla), com o detalhamento dos conv\u00eanios e dos valores envolvidos.<\/p>\n\n\n\n<figure class=\"wp-block-image size-large\"><img loading=\"lazy\" decoding=\"async\" width=\"862\" height=\"1024\" src=\"http:\/\/cafecommessias.com.br\/wp-content\/uploads\/2026\/04\/oficio-862x1024.jpeg\" alt=\"\" class=\"wp-image-10997\" srcset=\"https:\/\/cafecommessias.com.br\/wp-content\/uploads\/2026\/04\/oficio-862x1024.jpeg 862w, https:\/\/cafecommessias.com.br\/wp-content\/uploads\/2026\/04\/oficio-253x300.jpeg 253w, https:\/\/cafecommessias.com.br\/wp-content\/uploads\/2026\/04\/oficio-768x912.jpeg 768w, https:\/\/cafecommessias.com.br\/wp-content\/uploads\/2026\/04\/oficio-1293x1536.jpeg 1293w, https:\/\/cafecommessias.com.br\/wp-content\/uploads\/2026\/04\/oficio.jpeg 1320w\" sizes=\"auto, (max-width: 862px) 100vw, 862px\" \/><\/figure>\n\n\n\n<p>Segundo a Prefeitura, a falta de libera\u00e7\u00e3o tem causado atrasos e at\u00e9 paralisa\u00e7\u00e3o de obras, al\u00e9m de aumentar o risco de eleva\u00e7\u00e3o nos custos. Tamb\u00e9m h\u00e1 impactos apontados em \u00e1reas sens\u00edveis, como mobilidade urbana e atendimento em sa\u00fade.<\/p>\n\n\n\n<p>O assunto ganhou for\u00e7a ap\u00f3s a vereadora Samanda Alves (PT) declarar, em entrevista ao Blog da Carol Ribeiro, que tinha conhecimento de apenas um caso espec\u00edfico de recurso n\u00e3o liberado. J\u00e1 os documentos apresentados agora indicam que h\u00e1 diversos conv\u00eanios com valores ainda pendentes, de acordo com as informa\u00e7\u00f5es divulgadas.<\/p>\n\n\n\n<figure class=\"wp-block-image size-large\"><img loading=\"lazy\" decoding=\"async\" width=\"585\" height=\"1024\" src=\"http:\/\/cafecommessias.com.br\/wp-content\/uploads\/2026\/04\/whatsapp-image-2026-04-24-at-224225-585x1024.jpeg\" alt=\"\" class=\"wp-image-10998\" srcset=\"https:\/\/cafecommessias.com.br\/wp-content\/uploads\/2026\/04\/whatsapp-image-2026-04-24-at-224225-585x1024.jpeg 585w, https:\/\/cafecommessias.com.br\/wp-content\/uploads\/2026\/04\/whatsapp-image-2026-04-24-at-224225-171x300.jpeg 171w, https:\/\/cafecommessias.com.br\/wp-content\/uploads\/2026\/04\/whatsapp-image-2026-04-24-at-224225-768x1344.jpeg 768w, https:\/\/cafecommessias.com.br\/wp-content\/uploads\/2026\/04\/whatsapp-image-2026-04-24-at-224225-877x1536.jpeg 877w, https:\/\/cafecommessias.com.br\/wp-content\/uploads\/2026\/04\/whatsapp-image-2026-04-24-at-224225.jpeg 914w\" sizes=\"auto, (max-width: 585px) 100vw, 585px\" \/><\/figure>\n\n\n\n<p class=\"has-text-align-center\"><strong><em>Foto: Reprodu\u00e7\u00e3o<\/em><\/strong><\/p>\n\n\n\n<p>Em entrevista ao BNews, Nina afirmou que obras iniciadas na gest\u00e3o do ex-prefeito \u00c1lvaro Dias (PL) n\u00e3o foram conclu\u00eddas justamente por conta da n\u00e3o libera\u00e7\u00e3o desses recursos. Ela tamb\u00e9m fez cr\u00edticas a advers\u00e1rios pol\u00edticos e disse esperar apoio institucional para viabilizar a libera\u00e7\u00e3o dos valores.<\/p>\n\n\n<div class=\"wp-block-post-author\"><div class=\"wp-block-post-author__avatar\"><img alt='' src='https:\/\/secure.gravatar.com\/avatar\/a62bcf199877d37056dc55ccc32b6decbd05abb46ce616ef4c38b16491e4d91d?s=48&#038;r=g' srcset='https:\/\/secure.gravatar.com\/avatar\/a62bcf199877d37056dc55ccc32b6decbd05abb46ce616ef4c38b16491e4d91d?s=96&#038;r=g 2x' class='avatar avatar-48 photo' height='48' width='48' \/><\/div><div class=\"wp-block-post-author__content\"><p class=\"wp-block-post-author__name\">Blogcafecommessias<\/p><\/div><\/div>\n\n\n<p class=\"has-text-align-center\"><strong><em>PUBLICIDADE<\/em><\/strong><\/p>\n\n\n\n<figure class=\"wp-block-image size-full\"><img loading=\"lazy\" decoding=\"async\" width=\"630\" height=\"96\" src=\"http:\/\/cafecommessias.com.br\/wp-content\/uploads\/2026\/04\/630x96-Adolescencia.png.webp\" alt=\"\" class=\"wp-image-10679\" srcset=\"https:\/\/cafecommessias.com.br\/wp-content\/uploads\/2026\/04\/630x96-Adolescencia.png.webp 630w, https:\/\/cafecommessias.com.br\/wp-content\/uploads\/2026\/04\/630x96-Adolescencia.png-300x46.webp 300w\" sizes=\"auto, (max-width: 630px) 100vw, 630px\" \/><\/figure>\n","protected":false},"excerpt":{"rendered":"<p>A vereadora Nina Souza (PL) apresentou documentos oficiais que, segundo ela, apontam a reten\u00e7\u00e3o de cerca de R$ 41 milh\u00f5es em recursos federais destinados a obras em Natal. De acordo com a Prefeitura, esses valores est\u00e3o ligados a conv\u00eanios nas \u00e1reas de mobilidade urbana, infraestrutura e sa\u00fade \u2014 e a demora na libera\u00e7\u00e3o j\u00e1 estaria&#8230;<\/p>\n","protected":false},"author":1,"featured_media":10999,"comment_status":"open","ping_status":"closed","sticky":false,"template":"","format":"standard","meta":{"footnotes":""},"categories":[4,36],"tags":[],"class_list":["post-10996","post","type-post","status-publish","format-standard","has-post-thumbnail","hentry","category-anuncie-aqui","category-natal"],"_links":{"self":[{"href":"https:\/\/cafecommessias.com.br\/index.php?rest_route=\/wp\/v2\/posts\/10996","targetHints":{"allow":["GET"]}}],"collection":[{"href":"https:\/\/cafecommessias.com.br\/index.php?rest_route=\/wp\/v2\/posts"}],"about":[{"href":"https:\/\/cafecommessias.com.br\/index.php?rest_route=\/wp\/v2\/types\/post"}],"author":[{"embeddable":true,"href":"https:\/\/cafecommessias.com.br\/index.php?rest_route=\/wp\/v2\/users\/1"}],"replies":[{"embeddable":true,"href":"https:\/\/cafecommessias.com.br\/index.php?rest_route=%2Fwp%2Fv2%2Fcomments&post=10996"}],"version-history":[{"count":2,"href":"https:\/\/cafecommessias.com.br\/index.php?rest_route=\/wp\/v2\/posts\/10996\/revisions"}],"predecessor-version":[{"id":11002,"href":"https:\/\/cafecommessias.com.br\/index.php?rest_route=\/wp\/v2\/posts\/10996\/revisions\/11002"}],"wp:featuredmedia":[{"embeddable":true,"href":"https:\/\/cafecommessias.com.br\/index.php?rest_route=\/wp\/v2\/media\/10999"}],"wp:attachment":[{"href":"https:\/\/cafecommessias.com.br\/index.php?rest_route=%2Fwp%2Fv2%2Fmedia&parent=10996"}],"wp:term":[{"taxonomy":"category","embeddable":true,"href":"https:\/\/cafecommessias.com.br\/index.php?rest_route=%2Fwp%2Fv2%2Fcategories&post=10996"},{"taxonomy":"post_tag","embeddable":true,"href":"https:\/\/cafecommessias.com.br\/index.php?rest_route=%2Fwp%2Fv2%2Ftags&post=10996"}],"curies":[{"name":"wp","href":"https:\/\/api.w.org\/{rel}","templated":true}]}}