{"id":11009,"date":"2026-04-26T15:13:41","date_gmt":"2026-04-26T18:13:41","guid":{"rendered":"https:\/\/cafecommessias.com.br\/?p=11009"},"modified":"2026-04-26T15:15:50","modified_gmt":"2026-04-26T18:15:50","slug":"barragem-de-oiticica-supera-500-milhoes-de-m%c2%b3-o-equivalente-a-6796-da-capacidade-total","status":"publish","type":"post","link":"https:\/\/cafecommessias.com.br\/?p=11009","title":{"rendered":"Barragem de Oiticica supera 500 milh\u00f5es de m\u00b3, o equivalente a 67,96% da capacidade total"},"content":{"rendered":"\n<figure class=\"wp-block-image size-large\"><img loading=\"lazy\" decoding=\"async\" width=\"1024\" height=\"683\" src=\"http:\/\/cafecommessias.com.br\/wp-content\/uploads\/2026\/04\/Oiticica-chega-a-500-milhoes-de-metros-cubicos-e-muda-paisagem-no-sertao-do-RN_foto-Joana-Lima-2-1536x1024-1-1024x683.jpeg\" alt=\"\" class=\"wp-image-11011\" srcset=\"https:\/\/cafecommessias.com.br\/wp-content\/uploads\/2026\/04\/Oiticica-chega-a-500-milhoes-de-metros-cubicos-e-muda-paisagem-no-sertao-do-RN_foto-Joana-Lima-2-1536x1024-1-1024x683.jpeg 1024w, https:\/\/cafecommessias.com.br\/wp-content\/uploads\/2026\/04\/Oiticica-chega-a-500-milhoes-de-metros-cubicos-e-muda-paisagem-no-sertao-do-RN_foto-Joana-Lima-2-1536x1024-1-300x200.jpeg 300w, https:\/\/cafecommessias.com.br\/wp-content\/uploads\/2026\/04\/Oiticica-chega-a-500-milhoes-de-metros-cubicos-e-muda-paisagem-no-sertao-do-RN_foto-Joana-Lima-2-1536x1024-1-768x512.jpeg 768w, https:\/\/cafecommessias.com.br\/wp-content\/uploads\/2026\/04\/Oiticica-chega-a-500-milhoes-de-metros-cubicos-e-muda-paisagem-no-sertao-do-RN_foto-Joana-Lima-2-1536x1024-1-600x400.jpeg 600w, https:\/\/cafecommessias.com.br\/wp-content\/uploads\/2026\/04\/Oiticica-chega-a-500-milhoes-de-metros-cubicos-e-muda-paisagem-no-sertao-do-RN_foto-Joana-Lima-2-1536x1024-1.jpeg 1536w\" sizes=\"auto, (max-width: 1024px) 100vw, 1024px\" \/><\/figure>\n\n\n\n<p>A Barragem&nbsp;Barragem Oiticica&nbsp;atingiu neste domingo (26) o volume de 504,6 milh\u00f5es de metros c\u00fabicos, o equivalente a 67,96% da capacidade total, segundo o IGARN (Instituto de Gest\u00e3o de \u00c1guas do Rio Grande do Norte).<\/p>\n\n\n\n<p>Entre 17 e 25 de abril, o reservat\u00f3rio recebeu em m\u00e9dia 8,5 milh\u00f5es de m\u00b3 por dia, impulsionado pelas chuvas na bacia&nbsp;Pianc\u00f3-Piranhas-A\u00e7u.<\/p>\n\n\n\n<p>A barragem integra o sistema ligado \u00e0 transposi\u00e7\u00e3o do&nbsp;Rio S\u00e3o Francisco&nbsp;e tem como objetivo garantir abastecimento h\u00eddrico no Serid\u00f3, uma das regi\u00f5es mais secas do estado.<\/p>\n\n\n\n<p>A barragem foi dimensionada para atender at\u00e9 2 milh\u00f5es de pessoas por meio do Sistema Adutor do Serid\u00f3, ainda em fase final.<\/p>\n\n\n\n<p>A estrutura tamb\u00e9m passou a receber \u00e1gua da transposi\u00e7\u00e3o a partir de 2025, com volumes adicionais registrados em 2025 e 2026.<\/p>\n\n\n\n<p>O avan\u00e7o no armazenamento refor\u00e7a a seguran\u00e7a h\u00eddrica da regi\u00e3o, embora o desempenho dependa da continuidade das chuvas.<\/p>\n\n\n\n<p class=\"has-text-align-center\"><strong><em>PUBLICIDADE<\/em><\/strong><\/p>\n\n\n\n<figure class=\"wp-block-image size-full\"><img loading=\"lazy\" decoding=\"async\" width=\"750\" height=\"200\" src=\"http:\/\/cafecommessias.com.br\/wp-content\/uploads\/2026\/04\/Lixo-nas-Ruas_750x200.png\" alt=\"\" class=\"wp-image-10810\" srcset=\"https:\/\/cafecommessias.com.br\/wp-content\/uploads\/2026\/04\/Lixo-nas-Ruas_750x200.png 750w, https:\/\/cafecommessias.com.br\/wp-content\/uploads\/2026\/04\/Lixo-nas-Ruas_750x200-300x80.png 300w\" sizes=\"auto, (max-width: 750px) 100vw, 750px\" \/><\/figure>\n","protected":false},"excerpt":{"rendered":"<p>A Barragem&nbsp;Barragem Oiticica&nbsp;atingiu neste domingo (26) o volume de 504,6 milh\u00f5es de metros c\u00fabicos, o equivalente a 67,96% da capacidade total, segundo o IGARN (Instituto de Gest\u00e3o de \u00c1guas do Rio Grande do Norte). Entre 17 e 25 de abril, o reservat\u00f3rio recebeu em m\u00e9dia 8,5 milh\u00f5es de m\u00b3 por dia, impulsionado pelas chuvas na&#8230;<\/p>\n","protected":false},"author":1,"featured_media":11010,"comment_status":"open","ping_status":"closed","sticky":false,"template":"","format":"standard","meta":{"footnotes":""},"categories":[4,8],"tags":[],"class_list":["post-11009","post","type-post","status-publish","format-standard","has-post-thumbnail","hentry","category-anuncie-aqui","category-cidades"],"_links":{"self":[{"href":"https:\/\/cafecommessias.com.br\/index.php?rest_route=\/wp\/v2\/posts\/11009","targetHints":{"allow":["GET"]}}],"collection":[{"href":"https:\/\/cafecommessias.com.br\/index.php?rest_route=\/wp\/v2\/posts"}],"about":[{"href":"https:\/\/cafecommessias.com.br\/index.php?rest_route=\/wp\/v2\/types\/post"}],"author":[{"embeddable":true,"href":"https:\/\/cafecommessias.com.br\/index.php?rest_route=\/wp\/v2\/users\/1"}],"replies":[{"embeddable":true,"href":"https:\/\/cafecommessias.com.br\/index.php?rest_route=%2Fwp%2Fv2%2Fcomments&post=11009"}],"version-history":[{"count":2,"href":"https:\/\/cafecommessias.com.br\/index.php?rest_route=\/wp\/v2\/posts\/11009\/revisions"}],"predecessor-version":[{"id":11013,"href":"https:\/\/cafecommessias.com.br\/index.php?rest_route=\/wp\/v2\/posts\/11009\/revisions\/11013"}],"wp:featuredmedia":[{"embeddable":true,"href":"https:\/\/cafecommessias.com.br\/index.php?rest_route=\/wp\/v2\/media\/11010"}],"wp:attachment":[{"href":"https:\/\/cafecommessias.com.br\/index.php?rest_route=%2Fwp%2Fv2%2Fmedia&parent=11009"}],"wp:term":[{"taxonomy":"category","embeddable":true,"href":"https:\/\/cafecommessias.com.br\/index.php?rest_route=%2Fwp%2Fv2%2Fcategories&post=11009"},{"taxonomy":"post_tag","embeddable":true,"href":"https:\/\/cafecommessias.com.br\/index.php?rest_route=%2Fwp%2Fv2%2Ftags&post=11009"}],"curies":[{"name":"wp","href":"https:\/\/api.w.org\/{rel}","templated":true}]}}