{"id":11031,"date":"2026-04-26T15:30:06","date_gmt":"2026-04-26T18:30:06","guid":{"rendered":"https:\/\/cafecommessias.com.br\/?p=11031"},"modified":"2026-04-26T15:30:48","modified_gmt":"2026-04-26T18:30:48","slug":"novo-projeta-uniao-com-pl-no-rn-para-fortalecer-palanque-da-direita-nas-eleicoes-que-estao-vindo","status":"publish","type":"post","link":"https:\/\/cafecommessias.com.br\/?p=11031","title":{"rendered":"NOVO projeta uni\u00e3o com PL no RN para fortalecer palanque da direita nas elei\u00e7\u00f5es que est\u00e3o vindo"},"content":{"rendered":"\n<p>Pesidente do partido NOVO no Rio Grande do Norte, Renato Cunha Lima manifestou-se publicamente para detalhar as diretrizes da legenda visando o pleito deste ano, enfatizando a necessidade de uni\u00e3o estrat\u00e9gica com o Partido Liberal (PL).<\/p>\n\n\n\n<p>Destaca que o objetivo central da sigla n\u00e3o \u00e9 dividir votos, mas sim somar esfor\u00e7os para garantir a vit\u00f3ria do campo conservador e liberal, sob a premissa de que a direita unida ter\u00e1 mais chances de \u00eaxito nas urnas. No cen\u00e1rio espec\u00edfico do RN, a eventual composi\u00e7\u00e3o em torno de nomes como Fl\u00e1vio Rocha (NOVO) e Coronel H\u00e9lio (PL) \u00e9 tratada como um movimento de converg\u00eancia local, focado especialmente em conquistar cadeiras para o Senado Federal.<\/p>\n\n\n\n<p>Renato esclarece que essa articula\u00e7\u00e3o estadual n\u00e3o depende diretamente de arranjos nacionais ou de poss\u00edveis candidaturas a vice-presid\u00eancia, como a de Romeu Zema, mas sim de uma prioridade pr\u00e1tica de fortalecer as candidaturas majorit\u00e1rias de direita no estado. Essa estrat\u00e9gia reflete um movimento nacional do partido, que j\u00e1 apresenta alian\u00e7as consolidadas ou em constru\u00e7\u00e3o em estados como Rio Grande do Sul, Santa Catarina, Paran\u00e1 e Minas Gerais.<\/p>\n\n\n\n<p>A meta final dessa coaliz\u00e3o, conforme destacado pelo presidente potiguar, \u00e9 a forma\u00e7\u00e3o de uma bancada hist\u00f3rica de senadores comprometidos com as pautas da direita, consolidando um projeto pol\u00edtico que priorize a governabilidade e a representa\u00e7\u00e3o ideol\u00f3gica a partir de 2027.<\/p>\n\n\n\n<p class=\"has-text-align-center\"><strong><em>PUBLICIDADE<\/em><\/strong><\/p>\n\n\n\n<figure class=\"wp-block-image size-full\"><img loading=\"lazy\" decoding=\"async\" width=\"750\" height=\"200\" src=\"http:\/\/cafecommessias.com.br\/wp-content\/uploads\/2026\/04\/Lixo-nas-Ruas_750x200.png\" alt=\"\" class=\"wp-image-10810\" srcset=\"https:\/\/cafecommessias.com.br\/wp-content\/uploads\/2026\/04\/Lixo-nas-Ruas_750x200.png 750w, https:\/\/cafecommessias.com.br\/wp-content\/uploads\/2026\/04\/Lixo-nas-Ruas_750x200-300x80.png 300w\" sizes=\"auto, (max-width: 750px) 100vw, 750px\" \/><\/figure>\n","protected":false},"excerpt":{"rendered":"<p>Pesidente do partido NOVO no Rio Grande do Norte, Renato Cunha Lima manifestou-se publicamente para detalhar as diretrizes da legenda visando o pleito deste ano, enfatizando a necessidade de uni\u00e3o estrat\u00e9gica com o Partido Liberal (PL). Destaca que o objetivo central da sigla n\u00e3o \u00e9 dividir votos, mas sim somar esfor\u00e7os para garantir a vit\u00f3ria&#8230;<\/p>\n","protected":false},"author":1,"featured_media":11032,"comment_status":"open","ping_status":"closed","sticky":false,"template":"","format":"standard","meta":{"footnotes":""},"categories":[4,6],"tags":[],"class_list":["post-11031","post","type-post","status-publish","format-standard","has-post-thumbnail","hentry","category-anuncie-aqui","category-politica"],"_links":{"self":[{"href":"https:\/\/cafecommessias.com.br\/index.php?rest_route=\/wp\/v2\/posts\/11031","targetHints":{"allow":["GET"]}}],"collection":[{"href":"https:\/\/cafecommessias.com.br\/index.php?rest_route=\/wp\/v2\/posts"}],"about":[{"href":"https:\/\/cafecommessias.com.br\/index.php?rest_route=\/wp\/v2\/types\/post"}],"author":[{"embeddable":true,"href":"https:\/\/cafecommessias.com.br\/index.php?rest_route=\/wp\/v2\/users\/1"}],"replies":[{"embeddable":true,"href":"https:\/\/cafecommessias.com.br\/index.php?rest_route=%2Fwp%2Fv2%2Fcomments&post=11031"}],"version-history":[{"count":2,"href":"https:\/\/cafecommessias.com.br\/index.php?rest_route=\/wp\/v2\/posts\/11031\/revisions"}],"predecessor-version":[{"id":11034,"href":"https:\/\/cafecommessias.com.br\/index.php?rest_route=\/wp\/v2\/posts\/11031\/revisions\/11034"}],"wp:featuredmedia":[{"embeddable":true,"href":"https:\/\/cafecommessias.com.br\/index.php?rest_route=\/wp\/v2\/media\/11032"}],"wp:attachment":[{"href":"https:\/\/cafecommessias.com.br\/index.php?rest_route=%2Fwp%2Fv2%2Fmedia&parent=11031"}],"wp:term":[{"taxonomy":"category","embeddable":true,"href":"https:\/\/cafecommessias.com.br\/index.php?rest_route=%2Fwp%2Fv2%2Fcategories&post=11031"},{"taxonomy":"post_tag","embeddable":true,"href":"https:\/\/cafecommessias.com.br\/index.php?rest_route=%2Fwp%2Fv2%2Ftags&post=11031"}],"curies":[{"name":"wp","href":"https:\/\/api.w.org\/{rel}","templated":true}]}}