{"id":1131,"date":"2025-07-21T10:37:59","date_gmt":"2025-07-21T13:37:59","guid":{"rendered":"https:\/\/cafecommessias.com.br\/?p=1131"},"modified":"2025-07-21T10:37:59","modified_gmt":"2025-07-21T13:37:59","slug":"manifestacao-afeta-transito-em-rodovia-federal-na-grande-natal","status":"publish","type":"post","link":"https:\/\/cafecommessias.com.br\/?p=1131","title":{"rendered":"Manifesta\u00e7\u00e3o afeta tr\u00e2nsito em rodovia federal na Grande Natal"},"content":{"rendered":"\n<p>Ato acontece na manh\u00e3 desta segunda-feira (21) na BR-406 em S\u00e3o Gon\u00e7alo do Amarante.<\/p>\n\n\n\n<p>Manifestantes ligados ao Movimento dos Trabalhadores Sem Terra (MST) causaram lentid\u00e3o no tr\u00e2nsito e uma longa fila de ve\u00edculos na BR-406, na altura de\u00a0S\u00e3o Gon\u00e7alo do Amarante, na manh\u00e3 desta segunda-feira (21).<\/p>\n\n\n\n<p>Segundo a Pol\u00edcia Rodovi\u00e1ria Federal, o grupo faz uma caminhada iniciada no km 161 da BR-406, em S\u00e3o Gon\u00e7alo do Amarante, em dire\u00e7\u00e3o a um gin\u00e1sio poliesportivo na RN160 na cidade.<\/p>\n\n\n\n<p>A caminhada ocupa uma das faixas de rolamento da rodovia, no sentido do interior para\u00a0Natal. Em pelo menos um dos cartazes, o grupo cobra reforma agr\u00e1ria.<\/p>\n\n\n\n<p>&#8220;Equipes da PRF est\u00e3o no local realizando o acompanhamento da manifesta\u00e7\u00e3o com o objetivo de garantir a seguran\u00e7a vi\u00e1ria, preservar a fluidez do tr\u00e2nsito e assegurar o direito de manifesta\u00e7\u00e3o previsto constitucionalmente&#8221;, informou a PRF.<\/p>\n\n\n\n<p><sub>por g1 RN<\/sub><\/p>\n","protected":false},"excerpt":{"rendered":"<p>Ato acontece na manh\u00e3 desta segunda-feira (21) na BR-406 em S\u00e3o Gon\u00e7alo do Amarante. Manifestantes ligados ao Movimento dos Trabalhadores Sem Terra (MST) causaram lentid\u00e3o no tr\u00e2nsito e uma longa fila de ve\u00edculos na BR-406, na altura de\u00a0S\u00e3o Gon\u00e7alo do Amarante, na manh\u00e3 desta segunda-feira (21). Segundo a Pol\u00edcia Rodovi\u00e1ria Federal, o grupo faz uma&#8230;<\/p>\n","protected":false},"author":1,"featured_media":1132,"comment_status":"open","ping_status":"open","sticky":false,"template":"","format":"standard","meta":{"footnotes":""},"categories":[3],"tags":[],"class_list":["post-1131","post","type-post","status-publish","format-standard","has-post-thumbnail","hentry","category-geral"],"_links":{"self":[{"href":"https:\/\/cafecommessias.com.br\/index.php?rest_route=\/wp\/v2\/posts\/1131","targetHints":{"allow":["GET"]}}],"collection":[{"href":"https:\/\/cafecommessias.com.br\/index.php?rest_route=\/wp\/v2\/posts"}],"about":[{"href":"https:\/\/cafecommessias.com.br\/index.php?rest_route=\/wp\/v2\/types\/post"}],"author":[{"embeddable":true,"href":"https:\/\/cafecommessias.com.br\/index.php?rest_route=\/wp\/v2\/users\/1"}],"replies":[{"embeddable":true,"href":"https:\/\/cafecommessias.com.br\/index.php?rest_route=%2Fwp%2Fv2%2Fcomments&post=1131"}],"version-history":[{"count":1,"href":"https:\/\/cafecommessias.com.br\/index.php?rest_route=\/wp\/v2\/posts\/1131\/revisions"}],"predecessor-version":[{"id":1133,"href":"https:\/\/cafecommessias.com.br\/index.php?rest_route=\/wp\/v2\/posts\/1131\/revisions\/1133"}],"wp:featuredmedia":[{"embeddable":true,"href":"https:\/\/cafecommessias.com.br\/index.php?rest_route=\/wp\/v2\/media\/1132"}],"wp:attachment":[{"href":"https:\/\/cafecommessias.com.br\/index.php?rest_route=%2Fwp%2Fv2%2Fmedia&parent=1131"}],"wp:term":[{"taxonomy":"category","embeddable":true,"href":"https:\/\/cafecommessias.com.br\/index.php?rest_route=%2Fwp%2Fv2%2Fcategories&post=1131"},{"taxonomy":"post_tag","embeddable":true,"href":"https:\/\/cafecommessias.com.br\/index.php?rest_route=%2Fwp%2Fv2%2Ftags&post=1131"}],"curies":[{"name":"wp","href":"https:\/\/api.w.org\/{rel}","templated":true}]}}