{"id":1144,"date":"2025-07-21T11:05:27","date_gmt":"2025-07-21T14:05:27","guid":{"rendered":"https:\/\/cafecommessias.com.br\/?p=1144"},"modified":"2025-07-21T11:06:39","modified_gmt":"2025-07-21T14:06:39","slug":"mst-lanca-campanha-para-cobrar-diretamente-lula-pela-reforma-agraria","status":"publish","type":"post","link":"https:\/\/cafecommessias.com.br\/?p=1144","title":{"rendered":"MST lan\u00e7a campanha para cobrar diretamente Lula pela reforma agr\u00e1ria"},"content":{"rendered":"\n<p>O MST (Movimento dos Trabalhadores Rurais Sem Terra) lan\u00e7a nesta segunda-feira (21) uma campanha com o mote \u201cLula, cad\u00ea a reforma agr\u00e1ria?\u201d, direcionada diretamente ao presidente da Rep\u00fablica.<\/p>\n\n\n\n<p>Tamb\u00e9m ser\u00e1 divulgada uma carta em que \u00e9 feita uma rela\u00e7\u00e3o entre a defesa da soberania nacional, no contexto do tarifa\u00e7o anunciado por Donald Trump (EUA), e a soberania popular e alimentar do Brasil.<\/p>\n\n\n\n<p>\u201cA amea\u00e7a \u00e0 nossa soberania popular e nacional tamb\u00e9m tem vindo de dentro do pr\u00f3prio pa\u00eds, com a subordina\u00e7\u00e3o da nossa agricultura \u00e0s empresas transnacionais e com as a\u00e7\u00f5es do Poder Legislativo, representante dos interesses do agroneg\u00f3cio e da minera\u00e7\u00e3o\u201d, diz a carta do movimento.<\/p>\n\n\n\n<p>Segundo o MST, \u201ca reforma agr\u00e1ria \u00e9 um instrumento de defesa das terras do pa\u00eds, em contraposi\u00e7\u00e3o ao agroneg\u00f3cio entreguista, golpista, saqueador e antipatri\u00f3tico\u201d. Para os sem-terra, \u201csoberania nacional s\u00f3 \u00e9 poss\u00edvel com soberania alimentar\u201d.<\/p>\n\n\n\n<p>Desde o in\u00edcio do governo Lula, a entidade, que apoiou sua elei\u00e7\u00e3o em 2022, tem se queixado da lentid\u00e3o no processo de reforma agr\u00e1ria e do congelamento de recursos para a\u00e7\u00f5es como incentivo \u00e0 agricultura familiar e aquisi\u00e7\u00e3o de alimentos.<\/p>\n\n\n\n<p>O MST j\u00e1 pediu reiteradas vezes a demiss\u00e3o do ministro do Desenvolvimento Agr\u00e1rio, Paulo Teixeira, a quem culpa pela situa\u00e7\u00e3o. Na campanha que est\u00e1 iniciando, o movimento diz que pretende tratar diretamente com Lula, sem intermedi\u00e1rios.<\/p>\n\n\n\n<p>\u201cAp\u00f3s mais de tr\u00eas anos de governo Lula, a reforma agr\u00e1ria continua paralisada \u2014e as fam\u00edlias acampadas e assentadas se perguntam: Lula, cad\u00ea a reforma agr\u00e1ria?\u201d.<\/p>\n\n\n\n<p>Segundo o movimento, existem mais de 122 mil fam\u00edlias acampadas hoje no Brasil, e 400 mil assentadas que seguem \u00e0 espera de pol\u00edticas p\u00fablicas para melhorar a produ\u00e7\u00e3o de alimentos e o desenvolvimento dos lotes.<\/p>\n\n\n\n<p>Na carta que est\u00e1 divulgando, a entidade repudia o projeto de lei que flexibiliza regras de licenciamento ambiental e foi aprovado pelo Congresso, aguardando san\u00e7\u00e3o ou veto do presidente Lula.<\/p>\n\n\n\n<p><sub>por Blog do BG<\/sub><\/p>\n\n\n\n<p class=\"has-text-align-center\"><em><strong>PUBLICIDADE<\/strong><\/em><\/p>\n\n\n\n<figure class=\"wp-block-image size-large\"><img loading=\"lazy\" decoding=\"async\" width=\"1024\" height=\"171\" src=\"https:\/\/cafecommessias.com.br\/wp-content\/uploads\/2025\/07\/DISQUE-180_1320X220-2-1024x171.gif\" alt=\"\" class=\"wp-image-1094\" srcset=\"https:\/\/cafecommessias.com.br\/wp-content\/uploads\/2025\/07\/DISQUE-180_1320X220-2-1024x171.gif 1024w, https:\/\/cafecommessias.com.br\/wp-content\/uploads\/2025\/07\/DISQUE-180_1320X220-2-300x50.gif 300w, https:\/\/cafecommessias.com.br\/wp-content\/uploads\/2025\/07\/DISQUE-180_1320X220-2-768x128.gif 768w\" sizes=\"auto, (max-width: 1024px) 100vw, 1024px\" \/><\/figure>\n","protected":false},"excerpt":{"rendered":"<p>O MST (Movimento dos Trabalhadores Rurais Sem Terra) lan\u00e7a nesta segunda-feira (21) uma campanha com o mote \u201cLula, cad\u00ea a reforma agr\u00e1ria?\u201d, direcionada diretamente ao presidente da Rep\u00fablica. Tamb\u00e9m ser\u00e1 divulgada uma carta em que \u00e9 feita uma rela\u00e7\u00e3o entre a defesa da soberania nacional, no contexto do tarifa\u00e7o anunciado por Donald Trump (EUA), e&#8230;<\/p>\n","protected":false},"author":1,"featured_media":1145,"comment_status":"open","ping_status":"open","sticky":false,"template":"","format":"standard","meta":{"footnotes":""},"categories":[4,3],"tags":[],"class_list":["post-1144","post","type-post","status-publish","format-standard","has-post-thumbnail","hentry","category-anuncie-aqui","category-geral"],"_links":{"self":[{"href":"https:\/\/cafecommessias.com.br\/index.php?rest_route=\/wp\/v2\/posts\/1144","targetHints":{"allow":["GET"]}}],"collection":[{"href":"https:\/\/cafecommessias.com.br\/index.php?rest_route=\/wp\/v2\/posts"}],"about":[{"href":"https:\/\/cafecommessias.com.br\/index.php?rest_route=\/wp\/v2\/types\/post"}],"author":[{"embeddable":true,"href":"https:\/\/cafecommessias.com.br\/index.php?rest_route=\/wp\/v2\/users\/1"}],"replies":[{"embeddable":true,"href":"https:\/\/cafecommessias.com.br\/index.php?rest_route=%2Fwp%2Fv2%2Fcomments&post=1144"}],"version-history":[{"count":3,"href":"https:\/\/cafecommessias.com.br\/index.php?rest_route=\/wp\/v2\/posts\/1144\/revisions"}],"predecessor-version":[{"id":1148,"href":"https:\/\/cafecommessias.com.br\/index.php?rest_route=\/wp\/v2\/posts\/1144\/revisions\/1148"}],"wp:featuredmedia":[{"embeddable":true,"href":"https:\/\/cafecommessias.com.br\/index.php?rest_route=\/wp\/v2\/media\/1145"}],"wp:attachment":[{"href":"https:\/\/cafecommessias.com.br\/index.php?rest_route=%2Fwp%2Fv2%2Fmedia&parent=1144"}],"wp:term":[{"taxonomy":"category","embeddable":true,"href":"https:\/\/cafecommessias.com.br\/index.php?rest_route=%2Fwp%2Fv2%2Fcategories&post=1144"},{"taxonomy":"post_tag","embeddable":true,"href":"https:\/\/cafecommessias.com.br\/index.php?rest_route=%2Fwp%2Fv2%2Ftags&post=1144"}],"curies":[{"name":"wp","href":"https:\/\/api.w.org\/{rel}","templated":true}]}}