{"id":1149,"date":"2025-07-21T11:12:45","date_gmt":"2025-07-21T14:12:45","guid":{"rendered":"https:\/\/cafecommessias.com.br\/?p=1149"},"modified":"2025-08-01T13:19:02","modified_gmt":"2025-08-01T16:19:02","slug":"melhora-da-economia-argentina-ajuda-o-brasil-entenda-como-e-o-que-esperar-daqui-em-diante","status":"publish","type":"post","link":"https:\/\/cafecommessias.com.br\/?p=1149","title":{"rendered":"Rota 22 tem novo ciclo de oficinas na regi\u00e3o Agreste do RN"},"content":{"rendered":"\n<p>O Projeto Rota 22 ter\u00e1 um novo ciclo de oficinas esta semana, dessa vez na regi\u00e3o Agreste. Os eventos ser\u00e3o em Passa e Fica nesta ter\u00e7a-feira (22), e na quarta-feira (23), em Goianinha. No dia 2 de agosto haver\u00e1 o grande Semin\u00e1rio, em Santo Ant\u00f4nio, reunindo lideran\u00e7as do Agreste, Trair\u00ed e Potengi.<\/p>\n\n\n\n<p>Na agenda do Projeto Rota 22, ainda tem oficina em Parnamirim, no dia 6 de agosto, em Extremoz, no dia 7 de agosto, e Semin\u00e1rio da Regi\u00e3o Metropolitana, em Natal, no dia 16 de agosto.<\/p>\n\n\n\n<p>&#8220;Mais do que nunca o debate sobre o futuro do Rio Grande do Norte e do Brasil se faz t\u00e3o necess\u00e1rio. E o Rota 22 vai cumprir seu compromisso democr\u00e1tico e apresentar, ordeiramente, mas de modo incisivo novos caminhos para o progresso do nosso Estado e do Pa\u00eds&#8221;, disse o senador Rog\u00e9rio Marinho, que \u00e9 secret\u00e1rio-geral do Partido Liberal e presidente estadual da legenda.<\/p>\n\n\n\n<p>O Rota 22 \u00e9 uma iniciativa do PL em parceria com o Instituto \u00c1lvaro Valle, que fechou o primeiro semestre com 20 eventos realizados no Estado, sendo 16 oficinas e 4 semin\u00e1rios abrangendo todas as regi\u00f5es do RN.<\/p>\n\n\n\n<p>Fique conectado com o Rota 22 \u2014 acesse o site plrota22.com.br e confira quando o projeto passar\u00e1 por sua regi\u00e3o. Mais informa\u00e7\u00f5es tamb\u00e9m est\u00e3o dispon\u00edveis nas redes sociais, pelos perfis @pl22rn e @plnacional22, e no canal de WhatsApp do Rota 22 no Rio Grande do Norte: canal.plrota22.com.br.<\/p>\n\n\n\n<p><\/p>\n","protected":false},"excerpt":{"rendered":"<p>O Projeto Rota 22 ter\u00e1 um novo ciclo de oficinas esta semana, dessa vez na regi\u00e3o Agreste. Os eventos ser\u00e3o em Passa e Fica nesta ter\u00e7a-feira (22), e na quarta-feira (23), em Goianinha. No dia 2 de agosto haver\u00e1 o grande Semin\u00e1rio, em Santo Ant\u00f4nio, reunindo lideran\u00e7as do Agreste, Trair\u00ed e Potengi. Na agenda do&#8230;<\/p>\n","protected":false},"author":1,"featured_media":1984,"comment_status":"open","ping_status":"open","sticky":false,"template":"","format":"standard","meta":{"footnotes":""},"categories":[6],"tags":[],"class_list":["post-1149","post","type-post","status-publish","format-standard","has-post-thumbnail","hentry","category-politica"],"_links":{"self":[{"href":"https:\/\/cafecommessias.com.br\/index.php?rest_route=\/wp\/v2\/posts\/1149","targetHints":{"allow":["GET"]}}],"collection":[{"href":"https:\/\/cafecommessias.com.br\/index.php?rest_route=\/wp\/v2\/posts"}],"about":[{"href":"https:\/\/cafecommessias.com.br\/index.php?rest_route=\/wp\/v2\/types\/post"}],"author":[{"embeddable":true,"href":"https:\/\/cafecommessias.com.br\/index.php?rest_route=\/wp\/v2\/users\/1"}],"replies":[{"embeddable":true,"href":"https:\/\/cafecommessias.com.br\/index.php?rest_route=%2Fwp%2Fv2%2Fcomments&post=1149"}],"version-history":[{"count":5,"href":"https:\/\/cafecommessias.com.br\/index.php?rest_route=\/wp\/v2\/posts\/1149\/revisions"}],"predecessor-version":[{"id":1986,"href":"https:\/\/cafecommessias.com.br\/index.php?rest_route=\/wp\/v2\/posts\/1149\/revisions\/1986"}],"wp:featuredmedia":[{"embeddable":true,"href":"https:\/\/cafecommessias.com.br\/index.php?rest_route=\/wp\/v2\/media\/1984"}],"wp:attachment":[{"href":"https:\/\/cafecommessias.com.br\/index.php?rest_route=%2Fwp%2Fv2%2Fmedia&parent=1149"}],"wp:term":[{"taxonomy":"category","embeddable":true,"href":"https:\/\/cafecommessias.com.br\/index.php?rest_route=%2Fwp%2Fv2%2Fcategories&post=1149"},{"taxonomy":"post_tag","embeddable":true,"href":"https:\/\/cafecommessias.com.br\/index.php?rest_route=%2Fwp%2Fv2%2Ftags&post=1149"}],"curies":[{"name":"wp","href":"https:\/\/api.w.org\/{rel}","templated":true}]}}