{"id":1212,"date":"2025-07-21T23:06:23","date_gmt":"2025-07-22T02:06:23","guid":{"rendered":"https:\/\/cafecommessias.com.br\/?p=1212"},"modified":"2025-07-21T23:06:50","modified_gmt":"2025-07-22T02:06:50","slug":"justica-mantem-condenacao-de-empresario-que-espancou-ex-miss-rn-apos-churrasco","status":"publish","type":"post","link":"https:\/\/cafecommessias.com.br\/?p=1212","title":{"rendered":"Justi\u00e7a mant\u00e9m condena\u00e7\u00e3o de empres\u00e1rio que espancou ex-miss RN ap\u00f3s churrasco"},"content":{"rendered":"\n<p>O Tribunal de Justi\u00e7a do Rio Grande do Norte (TJRN), por meio da C\u00e2mara Criminal, manteve por unanimidade a condena\u00e7\u00e3o do empres\u00e1rio Paulo Eduardo Gomes de Melo pelo crime de les\u00e3o corporal praticada contra a ex-companheira e empres\u00e1ria Vanessa Gurgel, miss RN 1993, em contexto de viol\u00eancia dom\u00e9stica. A decis\u00e3o rejeitou o recurso apresentado pela defesa, que alegava in\u00e9pcia da den\u00fancia e leg\u00edtima defesa.<\/p>\n\n\n\n<p>A apela\u00e7\u00e3o criminal (n\u00ba 0805724-25.2023.8.20.5300), origin\u00e1ria da Vara \u00danica de S\u00e3o Jos\u00e9 do Campestre, foi relatada pelo desembargador Saraiva Sobrinho, com revis\u00e3o do desembargador Glauber R\u00eago e voto do desembargador Ricardo Proc\u00f3pio.<\/p>\n\n\n\n<p>Segundo a den\u00fancia do Minist\u00e9rio P\u00fablico, os fatos ocorreram em 7 de outubro de 2023, dentro de um ve\u00edculo estacionado na zona rural de Serra de S\u00e3o Bento\/RN, onde o r\u00e9u teria agredido a ent\u00e3o companheira, Vanessa Gurgel, com socos e chutes na cabe\u00e7a, causando hematomas, escoria\u00e7\u00f5es e a fratura de um dente. A v\u00edtima afirmou ainda que foi necess\u00e1ria assist\u00eancia m\u00e9dica e odontol\u00f3gica ap\u00f3s as agress\u00f5es.<\/p>\n\n\n\n<p>A defesa alegou nulidade da den\u00fancia e sustentou que o r\u00e9u teria agido em leg\u00edtima defesa. No entanto, o relator afastou ambas as teses, destacando que a den\u00fancia atendeu aos requisitos legais do art. 41 do C\u00f3digo de Processo Penal e que a tese de leg\u00edtima defesa n\u00e3o foi comprovada.<\/p>\n\n\n\n<p>Para o relator, a palavra da v\u00edtima teve alto valor probat\u00f3rio, por ser coerente, detalhada e compat\u00edvel com os laudos m\u00e9dicos e odontol\u00f3gicos, as fotografias das les\u00f5es e os depoimentos das testemunhas, incluindo agentes da pol\u00edcia militar e o delegado respons\u00e1vel pelo atendimento da ocorr\u00eancia. Os policiais relataram que a v\u00edtima estava visivelmente machucada e abalada, enquanto o r\u00e9u apresentava arranh\u00f5es compat\u00edveis com tentativas de defesa.<\/p>\n\n\n\n<p>Al\u00e9m disso, o tribunal considerou que o acusado j\u00e1 havia sido denunciado pela v\u00edtima em situa\u00e7\u00e3o semelhante cerca de um ano antes, refor\u00e7ando o padr\u00e3o de viol\u00eancia dom\u00e9stica.<\/p>\n\n\n\n<p>\u201cO relato da v\u00edtima foi claro, firme e em conson\u00e2ncia com todo o conjunto probat\u00f3rio. As les\u00f5es apresentadas por ela n\u00e3o se coadunam com a vers\u00e3o apresentada pelo r\u00e9u, que n\u00e3o trouxe elementos concretos que comprovem a alegada agress\u00e3o injusta por parte da v\u00edtima\u201d, destacou o desembargador Saraiva Sobrinho em seu voto.<\/p>\n\n\n\n<p>A senten\u00e7a de primeiro grau, que fixou a pena de 1 ano de reclus\u00e3o em regime aberto, foi integralmente mantida. O voto do relator foi acompanhado pelos demais membros da C\u00e2mara Criminal.<\/p>\n\n\n\n<p><sub>Por <strong>Justi\u00e7a Potiguar<\/strong><\/sub><\/p>\n\n\n\n<p class=\"has-text-align-center\"><strong><em>PUBLICIDADE<\/em><\/strong><\/p>\n\n\n\n<figure class=\"wp-block-image size-full\"><img loading=\"lazy\" decoding=\"async\" width=\"750\" height=\"200\" src=\"https:\/\/cafecommessias.com.br\/wp-content\/uploads\/2025\/07\/172346829268852248.png\" alt=\"\" class=\"wp-image-1213\" srcset=\"https:\/\/cafecommessias.com.br\/wp-content\/uploads\/2025\/07\/172346829268852248.png 750w, https:\/\/cafecommessias.com.br\/wp-content\/uploads\/2025\/07\/172346829268852248-300x80.png 300w\" sizes=\"auto, (max-width: 750px) 100vw, 750px\" \/><\/figure>\n","protected":false},"excerpt":{"rendered":"<p>O Tribunal de Justi\u00e7a do Rio Grande do Norte (TJRN), por meio da C\u00e2mara Criminal, manteve por unanimidade a condena\u00e7\u00e3o do empres\u00e1rio Paulo Eduardo Gomes de Melo pelo crime de les\u00e3o corporal praticada contra a ex-companheira e empres\u00e1ria Vanessa Gurgel, miss RN 1993, em contexto de viol\u00eancia dom\u00e9stica. A decis\u00e3o rejeitou o recurso apresentado pela&#8230;<\/p>\n","protected":false},"author":1,"featured_media":1214,"comment_status":"open","ping_status":"closed","sticky":false,"template":"","format":"standard","meta":{"footnotes":""},"categories":[23],"tags":[],"class_list":["post-1212","post","type-post","status-publish","format-standard","has-post-thumbnail","hentry","category-crime"],"_links":{"self":[{"href":"https:\/\/cafecommessias.com.br\/index.php?rest_route=\/wp\/v2\/posts\/1212","targetHints":{"allow":["GET"]}}],"collection":[{"href":"https:\/\/cafecommessias.com.br\/index.php?rest_route=\/wp\/v2\/posts"}],"about":[{"href":"https:\/\/cafecommessias.com.br\/index.php?rest_route=\/wp\/v2\/types\/post"}],"author":[{"embeddable":true,"href":"https:\/\/cafecommessias.com.br\/index.php?rest_route=\/wp\/v2\/users\/1"}],"replies":[{"embeddable":true,"href":"https:\/\/cafecommessias.com.br\/index.php?rest_route=%2Fwp%2Fv2%2Fcomments&post=1212"}],"version-history":[{"count":1,"href":"https:\/\/cafecommessias.com.br\/index.php?rest_route=\/wp\/v2\/posts\/1212\/revisions"}],"predecessor-version":[{"id":1215,"href":"https:\/\/cafecommessias.com.br\/index.php?rest_route=\/wp\/v2\/posts\/1212\/revisions\/1215"}],"wp:featuredmedia":[{"embeddable":true,"href":"https:\/\/cafecommessias.com.br\/index.php?rest_route=\/wp\/v2\/media\/1214"}],"wp:attachment":[{"href":"https:\/\/cafecommessias.com.br\/index.php?rest_route=%2Fwp%2Fv2%2Fmedia&parent=1212"}],"wp:term":[{"taxonomy":"category","embeddable":true,"href":"https:\/\/cafecommessias.com.br\/index.php?rest_route=%2Fwp%2Fv2%2Fcategories&post=1212"},{"taxonomy":"post_tag","embeddable":true,"href":"https:\/\/cafecommessias.com.br\/index.php?rest_route=%2Fwp%2Fv2%2Ftags&post=1212"}],"curies":[{"name":"wp","href":"https:\/\/api.w.org\/{rel}","templated":true}]}}