{"id":1264,"date":"2025-07-22T06:20:10","date_gmt":"2025-07-22T09:20:10","guid":{"rendered":"https:\/\/cafecommessias.com.br\/?p=1264"},"modified":"2025-07-22T06:21:28","modified_gmt":"2025-07-22T09:21:28","slug":"fux-vota-contra-tornozeleira-para-bolsonaro-fica-isolado-e-medida-e-confirmada-por-4-a-1","status":"publish","type":"post","link":"https:\/\/cafecommessias.com.br\/?p=1264","title":{"rendered":"Fux vota contra tornozeleira para Bolsonaro, fica isolado, e medida \u00e9 confirmada por 4 a 1"},"content":{"rendered":"\n<p>O ministro Luiz Fux, do STF (Supremo Tribunal Federal), votou contra o uso de tornozeleira eletr\u00f4nica e a aplica\u00e7\u00e3o de outras medidas cautelares a Jair Bolsonaro (PL). O magistrado abriu diverg\u00eancia com a maioria j\u00e1 formada na Primeira Turma, que confirmou a decis\u00e3o do ministro Alexandre de Moraes contra o ex-presidente.<\/p>\n\n\n\n<p>Fux ficou isolado no julgamento, que terminou com o placar de 4 votos a 1. Al\u00e9m de Moraes, votaram a favor das medidas os ministros Fl\u00e1vio Dino, C\u00e1rmen L\u00facia e Cristiano Zanin.<\/p>\n\n\n\n<p class=\"has-text-align-center\"><strong><em>PUBLICIDADE<\/em><\/strong><\/p>\n\n\n\n<figure class=\"wp-block-image size-full is-resized\"><img loading=\"lazy\" decoding=\"async\" width=\"750\" height=\"200\" src=\"https:\/\/cafecommessias.com.br\/wp-content\/uploads\/2025\/07\/14857329688341558327-3.gif\" alt=\"\" class=\"wp-image-1265\" style=\"width:840px;height:auto\"\/><\/figure>\n\n\n\n<p>.<\/p>\n\n\n\n<p>O ministro afirmou que a Pol\u00edcia Federal (PF) e a Procuradoria-geral da Rep\u00fablica (PGR) n\u00e3o apresentaram novas provas de \u201cqualquer tentativa de fuga empreendida ou planejada pelo ex-presidente\u201d e que, portanto, \u201cn\u00e3o se vislumbra nesse momento a necessidade, em concreto, das medidas cautelares impostas\u201d.<\/p>\n\n\n\n<p>Fux acrescentou ainda que a proibi\u00e7\u00e3o do uso de redes sociais, de forma pr\u00e9via e abstrata, \u201cconfronta-se com a cl\u00e1usula p\u00e9trea da liberdade de express\u00e3o\u201d.<\/p>\n\n\n\n<p>\u201cA amplitude das medidas impostas restringe desproporcionalmente direitos fundamentais, como a liberdade de ir e vir e a liberdade de express\u00e3o e comunica\u00e7\u00e3o, sem que tenha havido a demonstra\u00e7\u00e3o contempor\u00e2nea, concreta e individualizada dos requisitos que legalmente autorizariam a imposi\u00e7\u00e3o dessas cautelares\u201d, afirmou.<\/p>\n\n\n\n<p>O ministro \u00e9 visto com simpatia por aliados de Bolsonaro. Pessoas que acompanham as discuss\u00f5es sobre as recentes san\u00e7\u00f5es impostas pelo governo dos EUA a ministros do STF afirmam que Fux foi poupado da revoga\u00e7\u00e3o de visto aplicada a Moraes e outros integrantes da corte.<\/p>\n\n\n\n<p>No julgamento da suposta trama golpista, Fux tem questionado a confiabilidade da dela\u00e7\u00e3o do tenente-coronel Mauro Cid, al\u00e9m de ter criticado a tramita\u00e7\u00e3o do caso na Primeira Turma da corte.<\/p>\n\n\n\n<p>No voto divergente, Fux disse que, apesar da acusa\u00e7\u00e3o de que Bolsonaro e seu filho que est\u00e1 nos Estados Unidos, o deputado licenciado Eduardo Bolsonaro (PL-SP), fazem uma articula\u00e7\u00e3o com o governo dos EUA para pressionar o STF no julgamento da suposta trama golpista, os integrantes do tribunal n\u00e3o s\u00e3o perme\u00e1veis a \u201cpress\u00f5es dos setores que manifestam desagrado com as suas decis\u00f5es\u201d.<\/p>\n\n\n\n<p>Para o ministro, \u201cju\u00edzes julgam conforme a sua livre convic\u00e7\u00e3o, em an\u00e1lise dos elementos f\u00e1ticos e jur\u00eddicos constantes de cada caso\u201d.<\/p>\n\n\n\n<p>Na sexta-feira (18), Moraes autorizou uma opera\u00e7\u00e3o da Pol\u00edcia Federal contra o ex-presidente e imp\u00f4s medidas contra ele, como o uso de tornozeleira eletr\u00f4nica e a proibi\u00e7\u00e3o de comunica\u00e7\u00e3o com Eduardo.<\/p>\n\n\n\n<p>O STF est\u00e1 em recesso at\u00e9 o fim do m\u00eas, mas a sess\u00e3o extraordin\u00e1ria foi marcada poucas horas depois da opera\u00e7\u00e3o.<\/p>\n\n\n\n<p>Na decis\u00e3o, Moraes lista publica\u00e7\u00f5es nas redes sociais e entrevistas de Jair e Eduardo, al\u00e9m de uma manifesta\u00e7\u00e3o do presidente americano Donald Trump citando o ex-presidente, e diz que as condutas \u201ccaracterizam claros e expressos atos execut\u00f3rios e flagrantes confiss\u00f5es da pr\u00e1tica dos atos criminosos\u201d.<\/p>\n\n\n\n<p>O ministro cita as tarifas impostas por Trump como parte de uma articula\u00e7\u00e3o envolvendo Jair e Eduardo para praticar os crimes de coa\u00e7\u00e3o no curso do processo, obstru\u00e7\u00e3o de investiga\u00e7\u00e3o de infra\u00e7\u00e3o penal que envolva organiza\u00e7\u00e3o criminosa e atentado \u00e0 soberania.<\/p>\n\n\n\n<p><sub>Por <strong>Folha de<\/strong><\/sub><strong><sub> S.Paulo<\/sub><\/strong><\/p>\n\n\n\n<p><a href=\"https:\/\/www.blogdobg.com.br\/fux-vota-contra-tornozeleira-para-bolsonaro-fica-isolado-e-medida-e-confirmada-por-4-a-1\/#comentarios\"><\/a><\/p>\n\n\n\n<p><a href=\"tg:\/\/msg?text=https%3A%2F%2Fwww.blogdobg.com.br%2Ffux-vota-contra-tornozeleira-para-bolsonaro-fica-isolado-e-medida-e-confirmada-por-4-a-1%2F%20Fux%20vota%20contra%20tornozeleira%20para%20Bolsonaro%2C%20fica%20isolado%2C%20e%20medida%20%C3%A9%20confirmada%20por%204%20a%201\"><\/a><\/p>\n\n\n\n<p><\/p>\n","protected":false},"excerpt":{"rendered":"<p>O ministro Luiz Fux, do STF (Supremo Tribunal Federal), votou contra o uso de tornozeleira eletr\u00f4nica e a aplica\u00e7\u00e3o de outras medidas cautelares a Jair Bolsonaro (PL). O magistrado abriu diverg\u00eancia com a maioria j\u00e1 formada na Primeira Turma, que confirmou a decis\u00e3o do ministro Alexandre de Moraes contra o ex-presidente. Fux ficou isolado no&#8230;<\/p>\n","protected":false},"author":1,"featured_media":1267,"comment_status":"open","ping_status":"closed","sticky":false,"template":"","format":"standard","meta":{"footnotes":""},"categories":[3],"tags":[],"class_list":["post-1264","post","type-post","status-publish","format-standard","has-post-thumbnail","hentry","category-geral"],"_links":{"self":[{"href":"https:\/\/cafecommessias.com.br\/index.php?rest_route=\/wp\/v2\/posts\/1264","targetHints":{"allow":["GET"]}}],"collection":[{"href":"https:\/\/cafecommessias.com.br\/index.php?rest_route=\/wp\/v2\/posts"}],"about":[{"href":"https:\/\/cafecommessias.com.br\/index.php?rest_route=\/wp\/v2\/types\/post"}],"author":[{"embeddable":true,"href":"https:\/\/cafecommessias.com.br\/index.php?rest_route=\/wp\/v2\/users\/1"}],"replies":[{"embeddable":true,"href":"https:\/\/cafecommessias.com.br\/index.php?rest_route=%2Fwp%2Fv2%2Fcomments&post=1264"}],"version-history":[{"count":1,"href":"https:\/\/cafecommessias.com.br\/index.php?rest_route=\/wp\/v2\/posts\/1264\/revisions"}],"predecessor-version":[{"id":1266,"href":"https:\/\/cafecommessias.com.br\/index.php?rest_route=\/wp\/v2\/posts\/1264\/revisions\/1266"}],"wp:featuredmedia":[{"embeddable":true,"href":"https:\/\/cafecommessias.com.br\/index.php?rest_route=\/wp\/v2\/media\/1267"}],"wp:attachment":[{"href":"https:\/\/cafecommessias.com.br\/index.php?rest_route=%2Fwp%2Fv2%2Fmedia&parent=1264"}],"wp:term":[{"taxonomy":"category","embeddable":true,"href":"https:\/\/cafecommessias.com.br\/index.php?rest_route=%2Fwp%2Fv2%2Fcategories&post=1264"},{"taxonomy":"post_tag","embeddable":true,"href":"https:\/\/cafecommessias.com.br\/index.php?rest_route=%2Fwp%2Fv2%2Ftags&post=1264"}],"curies":[{"name":"wp","href":"https:\/\/api.w.org\/{rel}","templated":true}]}}