{"id":1273,"date":"2025-07-22T06:29:57","date_gmt":"2025-07-22T09:29:57","guid":{"rendered":"https:\/\/cafecommessias.com.br\/?p=1273"},"modified":"2025-07-22T09:01:42","modified_gmt":"2025-07-22T12:01:42","slug":"senadores-articulam-missao-aos-eua-para-abrir-dialogo-com-trump","status":"publish","type":"post","link":"https:\/\/cafecommessias.com.br\/?p=1273","title":{"rendered":"Senadores articulam miss\u00e3o aos EUA para abrir di\u00e1logo com Trump"},"content":{"rendered":"\n<p>Em um movimento que busca amenizar os impactos do chamado \u201ctarifa\u00e7o\u201d imposto pelos Estados Unidos, uma comitiva de senadores brasileiros articula uma visita oficial a Washington, marcada para a \u00faltima semana de julho. O grupo tem como principal objetivo abrir um canal institucional de di\u00e1logo com congressistas norte-americanos e discutir a taxa\u00e7\u00e3o de 50% sobre produtos brasileiros.<\/p>\n\n\n\n<p class=\"has-text-align-center\"><strong><em>PUBLICIDADE<\/em><\/strong><\/p>\n\n\n\n<figure class=\"wp-block-image size-full\"><img loading=\"lazy\" decoding=\"async\" width=\"750\" height=\"200\" src=\"https:\/\/cafecommessias.com.br\/wp-content\/uploads\/2025\/07\/172346829268852248-1.png\" alt=\"\" class=\"wp-image-1274\" srcset=\"https:\/\/cafecommessias.com.br\/wp-content\/uploads\/2025\/07\/172346829268852248-1.png 750w, https:\/\/cafecommessias.com.br\/wp-content\/uploads\/2025\/07\/172346829268852248-1-300x80.png 300w\" sizes=\"auto, (max-width: 750px) 100vw, 750px\" \/><\/figure>\n\n\n\n<p>.<\/p>\n\n\n\n<p>A iniciativa \u00e9 liderada pelo senador Nelsinho Trad (PSD-MS), presidente da Comiss\u00e3o de Rela\u00e7\u00f5es Exteriores do Senado. Em entrevista, Trad destacou que a miss\u00e3o n\u00e3o pretende atravessar o papel do Itamaraty, mas sim complementar os esfor\u00e7os diplom\u00e1ticos do Governo Federal. \u201cNosso prop\u00f3sito \u00e9 plantar uma semente de di\u00e1logo, entendimento e equil\u00edbrio. Queremos abrir horizontes e buscar solu\u00e7\u00f5es para essa crise\u201d, afirmou.<\/p>\n\n\n\n<p><br>A visita ocorre em meio \u00e0 tens\u00e3o comercial entre os dois pa\u00edses e tem o apoio formal do Governo Federal, incluindo o vice-presidente Geraldo Alckmin, que lidera o comit\u00ea de negocia\u00e7\u00f5es junto aos norte-americanos. Al\u00e9m do di\u00e1logo pol\u00edtico, a comitiva pretende defender os interesses estrat\u00e9gicos do Brasil em temas como com\u00e9rcio exterior, investimentos, cadeias produtivas, agricultura e seguran\u00e7a jur\u00eddica.<br>A miss\u00e3o tamb\u00e9m busca fortalecer a imagem do pa\u00eds junto ao Congresso dos Estados Unidos e garantir que o setor produtivo brasileiro n\u00e3o seja ainda mais penalizado pelas barreiras comerciais. A composi\u00e7\u00e3o da comitiva inclui nomes de diferentes espectros pol\u00edticos, entre governistas, defensores do agroneg\u00f3cio e membros da oposi\u00e7\u00e3o, o que refor\u00e7a o car\u00e1ter institucional da miss\u00e3o. A expectativa \u00e9 que a comitiva contribua para uma reaproxima\u00e7\u00e3o entre os dois pa\u00edses e atue na constru\u00e7\u00e3o de um ambiente mais favor\u00e1vel ao di\u00e1logo e \u00e0 coopera\u00e7\u00e3o bilateral.<\/p>\n\n\n\n<p><br>Veja os senadores confirmados: Nelsinho Trad (PSD-MS) \u2013 presidente do grupo, Tereza Cristina (PP-MS), Marcos Pontes (PL-SP), Jaques Wagner (PT-BA), Esperidi\u00e3o Amin (PP-SC), Rog\u00e9rio Carvalho (PT-SE), Fernando Farias (MDB-AL) e Carlos Viana (Podemos-MG).<\/p>\n\n\n\n<p><sub>Ag\u00eancia Senado<\/sub><\/p>\n\n\n\n<p><\/p>\n","protected":false},"excerpt":{"rendered":"<p>Em um movimento que busca amenizar os impactos do chamado \u201ctarifa\u00e7o\u201d imposto pelos Estados Unidos, uma comitiva de senadores brasileiros articula uma visita oficial a Washington, marcada para a \u00faltima semana de julho. O grupo tem como principal objetivo abrir um canal institucional de di\u00e1logo com congressistas norte-americanos e discutir a taxa\u00e7\u00e3o de 50% sobre&#8230;<\/p>\n","protected":false},"author":1,"featured_media":1275,"comment_status":"open","ping_status":"open","sticky":false,"template":"","format":"standard","meta":{"footnotes":""},"categories":[6],"tags":[],"class_list":["post-1273","post","type-post","status-publish","format-standard","has-post-thumbnail","hentry","category-politica"],"_links":{"self":[{"href":"https:\/\/cafecommessias.com.br\/index.php?rest_route=\/wp\/v2\/posts\/1273","targetHints":{"allow":["GET"]}}],"collection":[{"href":"https:\/\/cafecommessias.com.br\/index.php?rest_route=\/wp\/v2\/posts"}],"about":[{"href":"https:\/\/cafecommessias.com.br\/index.php?rest_route=\/wp\/v2\/types\/post"}],"author":[{"embeddable":true,"href":"https:\/\/cafecommessias.com.br\/index.php?rest_route=\/wp\/v2\/users\/1"}],"replies":[{"embeddable":true,"href":"https:\/\/cafecommessias.com.br\/index.php?rest_route=%2Fwp%2Fv2%2Fcomments&post=1273"}],"version-history":[{"count":1,"href":"https:\/\/cafecommessias.com.br\/index.php?rest_route=\/wp\/v2\/posts\/1273\/revisions"}],"predecessor-version":[{"id":1276,"href":"https:\/\/cafecommessias.com.br\/index.php?rest_route=\/wp\/v2\/posts\/1273\/revisions\/1276"}],"wp:featuredmedia":[{"embeddable":true,"href":"https:\/\/cafecommessias.com.br\/index.php?rest_route=\/wp\/v2\/media\/1275"}],"wp:attachment":[{"href":"https:\/\/cafecommessias.com.br\/index.php?rest_route=%2Fwp%2Fv2%2Fmedia&parent=1273"}],"wp:term":[{"taxonomy":"category","embeddable":true,"href":"https:\/\/cafecommessias.com.br\/index.php?rest_route=%2Fwp%2Fv2%2Fcategories&post=1273"},{"taxonomy":"post_tag","embeddable":true,"href":"https:\/\/cafecommessias.com.br\/index.php?rest_route=%2Fwp%2Fv2%2Ftags&post=1273"}],"curies":[{"name":"wp","href":"https:\/\/api.w.org\/{rel}","templated":true}]}}