{"id":1277,"date":"2025-07-22T08:48:09","date_gmt":"2025-07-22T11:48:09","guid":{"rendered":"https:\/\/cafecommessias.com.br\/?p=1277"},"modified":"2025-07-22T09:01:20","modified_gmt":"2025-07-22T12:01:20","slug":"presidente-do-cosems-celebra-expansao-da-frota-do-samu-no-rn","status":"publish","type":"post","link":"https:\/\/cafecommessias.com.br\/?p=1277","title":{"rendered":"Presidente do COSEMS celebra expans\u00e3o da frota do SAMU no RN"},"content":{"rendered":"\n<p>A presidente do Conselho de Secretarias Municipais de Sa\u00fade do Rio Grande do Norte (Cosems-RN) e secret\u00e1ria municipal de Sa\u00fade de Doutor Severiano, Maria Eliza Garcia, participou nesta segunda-feira (21), no Centro Administrativo do Estado, da solenidade de entrega, renova\u00e7\u00e3o e amplia\u00e7\u00e3o da frota de ambul\u00e2ncias do Servi\u00e7o de Atendimento M\u00f3vel de Urg\u00eancia (SAMU) no RN. Ao todo, 25 novas ambul\u00e2ncias foram destinadas a munic\u00edpios de diversas regi\u00f5es do Estado.<\/p>\n\n\n\n<p>O evento contou com a presen\u00e7a da governadora F\u00e1tima Bezerra (PT) e auxiliares, de secret\u00e1rios municipais de sa\u00fade, prefeitos de munic\u00edpios contemplados e outras autoridades. Durante a cerim\u00f4nia, Maria Eliza destacou a import\u00e2ncia da iniciativa para os munic\u00edpios potiguares. \u201cPara n\u00f3s, que fazemos parte do Cosems e atuamos como secret\u00e1rios municipais, este \u00e9 um momento de privil\u00e9gio.\u201d, ressaltou.<\/p>\n\n\n\n<p>Ela tamb\u00e9m enfatizou que os servi\u00e7os do SAMU v\u00e3o muito al\u00e9m da simples disponibilidade de ambul\u00e2ncias. \u201cEstamos falando de uma regula\u00e7\u00e3o diferenciada e de um servi\u00e7o qualificado, que visa atender com excel\u00eancia \u00e0s necessidades da popula\u00e7\u00e3o. Com essa expans\u00e3o, quem ganha s\u00e3o os munic\u00edpios e, principalmente, os cidad\u00e3os que dependem desse atendimento urgente e essencial\u201d, concluiu.<\/p>\n\n\n\n<p><sub>por Reda\u00e7\u00e3o Cafecommessias<\/sub><\/p>\n\n\n\n<p><\/p>\n","protected":false},"excerpt":{"rendered":"<p>A presidente do Conselho de Secretarias Municipais de Sa\u00fade do Rio Grande do Norte (Cosems-RN) e secret\u00e1ria municipal de Sa\u00fade de Doutor Severiano, Maria Eliza Garcia, participou nesta segunda-feira (21), no Centro Administrativo do Estado, da solenidade de entrega, renova\u00e7\u00e3o e amplia\u00e7\u00e3o da frota de ambul\u00e2ncias do Servi\u00e7o de Atendimento M\u00f3vel de Urg\u00eancia (SAMU) no&#8230;<\/p>\n","protected":false},"author":1,"featured_media":1278,"comment_status":"open","ping_status":"open","sticky":false,"template":"","format":"standard","meta":{"footnotes":""},"categories":[3],"tags":[],"class_list":["post-1277","post","type-post","status-publish","format-standard","has-post-thumbnail","hentry","category-geral"],"_links":{"self":[{"href":"https:\/\/cafecommessias.com.br\/index.php?rest_route=\/wp\/v2\/posts\/1277","targetHints":{"allow":["GET"]}}],"collection":[{"href":"https:\/\/cafecommessias.com.br\/index.php?rest_route=\/wp\/v2\/posts"}],"about":[{"href":"https:\/\/cafecommessias.com.br\/index.php?rest_route=\/wp\/v2\/types\/post"}],"author":[{"embeddable":true,"href":"https:\/\/cafecommessias.com.br\/index.php?rest_route=\/wp\/v2\/users\/1"}],"replies":[{"embeddable":true,"href":"https:\/\/cafecommessias.com.br\/index.php?rest_route=%2Fwp%2Fv2%2Fcomments&post=1277"}],"version-history":[{"count":1,"href":"https:\/\/cafecommessias.com.br\/index.php?rest_route=\/wp\/v2\/posts\/1277\/revisions"}],"predecessor-version":[{"id":1279,"href":"https:\/\/cafecommessias.com.br\/index.php?rest_route=\/wp\/v2\/posts\/1277\/revisions\/1279"}],"wp:featuredmedia":[{"embeddable":true,"href":"https:\/\/cafecommessias.com.br\/index.php?rest_route=\/wp\/v2\/media\/1278"}],"wp:attachment":[{"href":"https:\/\/cafecommessias.com.br\/index.php?rest_route=%2Fwp%2Fv2%2Fmedia&parent=1277"}],"wp:term":[{"taxonomy":"category","embeddable":true,"href":"https:\/\/cafecommessias.com.br\/index.php?rest_route=%2Fwp%2Fv2%2Fcategories&post=1277"},{"taxonomy":"post_tag","embeddable":true,"href":"https:\/\/cafecommessias.com.br\/index.php?rest_route=%2Fwp%2Fv2%2Ftags&post=1277"}],"curies":[{"name":"wp","href":"https:\/\/api.w.org\/{rel}","templated":true}]}}