{"id":1283,"date":"2025-07-22T08:55:50","date_gmt":"2025-07-22T11:55:50","guid":{"rendered":"https:\/\/cafecommessias.com.br\/?p=1283"},"modified":"2025-08-01T12:56:14","modified_gmt":"2025-08-01T15:56:14","slug":"presidente-do-pl-diz-que-decisao-do-stf-contra-bolsonaro-e-desproporcional","status":"publish","type":"post","link":"https:\/\/cafecommessias.com.br\/?p=1283","title":{"rendered":"Neste 22 de julho, o Rota 22 iniciou ciclo de oficinas pelo Agreste"},"content":{"rendered":"\n<p>O Projeto Rota 22 chegou em Passa e Fica (RN) e o encontro foi na pousada Mana\u00edm, nesta ter\u00e7a-feira (22). Foi o momento para trocar ideias, compartilhar conhecimento e construir juntos um futuro melhor para o RN, como foco na regi\u00e3o Agreste. Nesta quarta-feira (22) o encontro ocorre em Goianinha (RN), no Mirante do Vale Restaurante.<\/p>\n\n\n\n<p>O prefeito de Passa e Fica, Flaviano Lisboa, em sua fala, na oficina, chamou aten\u00e7\u00e3o para um dos prop\u00f3sitos do Partido Liberal (PL) a profissionaliza\u00e7\u00e3o dos jovens. \u201cIsso para que tenham autonomia e busquem empreender. Para que n\u00e3o dependam do assistencialismo e sejam donos da pr\u00f3pria vida&#8221;, disse.<\/p>\n\n\n\n<p>O prefeito de S\u00e3o Jos\u00e9 do Campestre, Eribaldo Lima, participou da oficina e lamentou a demanda por \u00e1gua pot\u00e1vel. &#8220;O munic\u00edpio, principalmente, na \u00e1rea rural tem uma situa\u00e7\u00e3o muito delicada&#8221;, relatou. A secret\u00e1ria Municipal de Sa\u00fade de Passa e Fica, Elizabete Sousa, lamenta o n\u00e3o cumprimento da pactua\u00e7\u00e3o no atendimento SUS por parte do governo. &#8220;\u00c9 uma dificuldade permanente para quem est\u00e1 na ponta que \u00e9 o munic\u00edpio&#8221;, disse.<\/p>\n\n\n\n<p>Maria C\u00e9lia, secret\u00e1ria Municipal de Educa\u00e7\u00e3o, comemora que apesar do Rio Grande do Norte constar um \u00faltimo nos n\u00fameros do Ideb, Passa e Fica se destacou na regi\u00e3o Agreste.<\/p>\n\n\n\n<p>O Projeto Rota 22 completa o ciclo de oficinas esta semana, desta vez na regi\u00e3o Agreste. No dia 2 de agosto haver\u00e1 o grande Semin\u00e1rio, em Santo Ant\u00f4nio, reunindo lideran\u00e7as do Agreste, Trair\u00ed e Potengi. Na agenda do Projeto Rota 22, ainda tem oficina em Parnamirim, no dia 6 de agosto, em Extremoz, no dia 7 de agosto, e Semin\u00e1rio da Regi\u00e3o Metropolitana, em Natal, no dia 16 de agosto.<\/p>\n\n\n\n<p>O Rota 22 \u00e9 uma iniciativa do PL em parceria com o Instituto \u00c1lvaro Valle, que fechou o primeiro semestre com 20 eventos realizados no Estado, sendo 16 oficinas e 4 semin\u00e1rios abrangendo todas as regi\u00f5es do RN.<\/p>\n\n\n\n<p>Fique conectado com o Rota 22 \u2014 acesse o site plrota22.com.br e confira quando o projeto passar\u00e1 por sua regi\u00e3o. Mais informa\u00e7\u00f5es tamb\u00e9m est\u00e3o dispon\u00edveis nas redes sociais, pelos perfis @pl22rn e @plnacional22, e no canal de WhatsApp do Rota 22 no Rio Grande do Norte: canal.plrota22.com.br.<\/p>\n\n\n\n<p><\/p>\n\n\n\n<figure class=\"wp-block-image size-large\"><img loading=\"lazy\" decoding=\"async\" width=\"1024\" height=\"150\" src=\"https:\/\/cafecommessias.com.br\/wp-content\/uploads\/2025\/07\/expofruit-destaque-2025-28jan2025-5-1024x150.gif\" alt=\"\" class=\"wp-image-1254\" srcset=\"https:\/\/cafecommessias.com.br\/wp-content\/uploads\/2025\/07\/expofruit-destaque-2025-28jan2025-5-1024x150.gif 1024w, https:\/\/cafecommessias.com.br\/wp-content\/uploads\/2025\/07\/expofruit-destaque-2025-28jan2025-5-300x44.gif 300w, https:\/\/cafecommessias.com.br\/wp-content\/uploads\/2025\/07\/expofruit-destaque-2025-28jan2025-5-768x113.gif 768w, https:\/\/cafecommessias.com.br\/wp-content\/uploads\/2025\/07\/expofruit-destaque-2025-28jan2025-5-1536x225.gif 1536w\" sizes=\"auto, (max-width: 1024px) 100vw, 1024px\" \/><\/figure>\n","protected":false},"excerpt":{"rendered":"<p>O Projeto Rota 22 chegou em Passa e Fica (RN) e o encontro foi na pousada Mana\u00edm, nesta ter\u00e7a-feira (22). Foi o momento para trocar ideias, compartilhar conhecimento e construir juntos um futuro melhor para o RN, como foco na regi\u00e3o Agreste. Nesta quarta-feira (22) o encontro ocorre em Goianinha (RN), no Mirante do Vale&#8230;<\/p>\n","protected":false},"author":1,"featured_media":1982,"comment_status":"open","ping_status":"open","sticky":false,"template":"","format":"standard","meta":{"footnotes":""},"categories":[33],"tags":[],"class_list":["post-1283","post","type-post","status-publish","format-standard","has-post-thumbnail","hentry","category-projeto-rota-22"],"_links":{"self":[{"href":"https:\/\/cafecommessias.com.br\/index.php?rest_route=\/wp\/v2\/posts\/1283","targetHints":{"allow":["GET"]}}],"collection":[{"href":"https:\/\/cafecommessias.com.br\/index.php?rest_route=\/wp\/v2\/posts"}],"about":[{"href":"https:\/\/cafecommessias.com.br\/index.php?rest_route=\/wp\/v2\/types\/post"}],"author":[{"embeddable":true,"href":"https:\/\/cafecommessias.com.br\/index.php?rest_route=\/wp\/v2\/users\/1"}],"replies":[{"embeddable":true,"href":"https:\/\/cafecommessias.com.br\/index.php?rest_route=%2Fwp%2Fv2%2Fcomments&post=1283"}],"version-history":[{"count":3,"href":"https:\/\/cafecommessias.com.br\/index.php?rest_route=\/wp\/v2\/posts\/1283\/revisions"}],"predecessor-version":[{"id":1983,"href":"https:\/\/cafecommessias.com.br\/index.php?rest_route=\/wp\/v2\/posts\/1283\/revisions\/1983"}],"wp:featuredmedia":[{"embeddable":true,"href":"https:\/\/cafecommessias.com.br\/index.php?rest_route=\/wp\/v2\/media\/1982"}],"wp:attachment":[{"href":"https:\/\/cafecommessias.com.br\/index.php?rest_route=%2Fwp%2Fv2%2Fmedia&parent=1283"}],"wp:term":[{"taxonomy":"category","embeddable":true,"href":"https:\/\/cafecommessias.com.br\/index.php?rest_route=%2Fwp%2Fv2%2Fcategories&post=1283"},{"taxonomy":"post_tag","embeddable":true,"href":"https:\/\/cafecommessias.com.br\/index.php?rest_route=%2Fwp%2Fv2%2Ftags&post=1283"}],"curies":[{"name":"wp","href":"https:\/\/api.w.org\/{rel}","templated":true}]}}