{"id":1289,"date":"2025-07-22T09:21:48","date_gmt":"2025-07-22T12:21:48","guid":{"rendered":"https:\/\/cafecommessias.com.br\/?p=1289"},"modified":"2025-07-22T09:22:03","modified_gmt":"2025-07-22T12:22:03","slug":"bolsonaro-mostra-tornozeleira-e-diz-que-o-vale-para-ele-e-a-lei-de-deus","status":"publish","type":"post","link":"https:\/\/cafecommessias.com.br\/?p=1289","title":{"rendered":"Bolsonaro mostra tornozeleira e diz que o vale para ele \u00e9 a lei de Deus"},"content":{"rendered":"\n<p>O ex-presidente Jair Bolsonaro (PL) mostrou, pela primeira vez \u00e0 imprensa, na segunda-feira (21), a tornozeleira eletr\u00f4nica que colocou por ordem do ministro Alexandre de Moraes, do Supremo Tribunal Federal (STF), na \u00faltima sexta (18). O dispositivo est\u00e1 na perna esquerda do ex-mandat\u00e1rio. Bolsonaro tamb\u00e9m mencionou que confia na lei de Deus.<\/p>\n\n\n\n<p>\u201cN\u00e3o roubei cofres p\u00fablicos, n\u00e3o matei ningu\u00e9m, n\u00e3o trafiquei ningu\u00e9m. Isso \u00e9 o s\u00edmbolo da m\u00e1xima humilha\u00e7\u00e3o do nosso pa\u00eds. Uma pessoa inocente. (\u2026) O que est\u00e3o fazendo com um ex-presidente da Rep\u00fablica. N\u00f3s vamos enfrentar tudo e a todos. O que vale para mim \u00e9 a lei de Deus\u201d, disse na sa\u00edda de um encontro que teve com aliados na C\u00e2mara.<\/p>\n\n\n\n<p><br>A reuni\u00e3o em quest\u00e3o foi convocada pelo Partido Liberal (PL). O encontro, organizado pelo l\u00edder do partido na Casa, deputado S\u00f3stenes Cavalcante (PL-RJ), reuniu mais de 50 deputados e dois senadores, al\u00e9m de parlamentares de siglas como Republicanos, PP, PSD, Uni\u00e3o Brasil e Novo. O objetivo foi discutir as recentes decis\u00f5es do STF e a opera\u00e7\u00e3o da Pol\u00edcia Federal (PF) deflagrada na \u00faltima sexta-feira (18\/7), que teve o ex-presidente como um dos alvos.<\/p>\n\n\n\n<p><br>Durante o encontro, Cavalcante anunciou a cria\u00e7\u00e3o de tr\u00eas comiss\u00f5es para articular a rea\u00e7\u00e3o da oposi\u00e7\u00e3o \u00e0s medidas impostas a Bolsonaro. Uma delas ficar\u00e1 respons\u00e1vel por alinhar a comunica\u00e7\u00e3o dos parlamentares, sob o comando de Gustavo Gayer (PL-GO).<\/p>\n\n\n\n<p><br>Outra atuar\u00e1 em mobiliza\u00e7\u00f5es internas no Congresso, liderada por Cabo Gilberto (PL-PB). A terceira ter\u00e1 foco em a\u00e7\u00f5es externas para \u201cdar voz ao ex-presidente\u201d, coordenada por Rodolfo Nogueira (PL-MS) e Z\u00e9 Trov\u00e3o (PL-SC).<\/p>\n\n\n\n<p><strong>Entrevistas<\/strong><br><br>Moraes determinou que Bolsonaro est\u00e1 proibido de participar de transmiss\u00f5es em redes sociais pr\u00f3prias ou de terceiros, incluindo entrevistas para ve\u00edculos de imprensa. A medida faz parte das cautelares impostas no inqu\u00e9rito que investiga supostos ataques \u00e0 soberania nacional.<\/p>\n\n\n\n<p><br>O ministro tamb\u00e9m j\u00e1 havia imposto ao ex-presidente recolhimento domiciliar noturno (das 19h \u00e0s 7h), restri\u00e7\u00e3o de comunica\u00e7\u00e3o com embaixadores e outros investigados, entre eles o deputado federal licenciado Eduardo Bolsonaro (PL-SP), que est\u00e1 nos Estados Unidos.<br>Devido a essas determina\u00e7\u00f5es, Bolsonaro cancelou uma entrevista ao Metr\u00f3poles que estava prevista para o mesmo dia. Segundo assessores, ele temeu que a transmiss\u00e3o ao vivo no YouTube e no X violasse as restri\u00e7\u00f5es judiciais.<\/p>\n\n\n\n<p><sub>por Tribuna do Norte<\/sub><\/p>\n\n\n\n<p><\/p>\n","protected":false},"excerpt":{"rendered":"<p>O ex-presidente Jair Bolsonaro (PL) mostrou, pela primeira vez \u00e0 imprensa, na segunda-feira (21), a tornozeleira eletr\u00f4nica que colocou por ordem do ministro Alexandre de Moraes, do Supremo Tribunal Federal (STF), na \u00faltima sexta (18). O dispositivo est\u00e1 na perna esquerda do ex-mandat\u00e1rio. Bolsonaro tamb\u00e9m mencionou que confia na lei de Deus. \u201cN\u00e3o roubei cofres&#8230;<\/p>\n","protected":false},"author":1,"featured_media":1290,"comment_status":"open","ping_status":"open","sticky":false,"template":"","format":"standard","meta":{"footnotes":""},"categories":[3],"tags":[],"class_list":["post-1289","post","type-post","status-publish","format-standard","has-post-thumbnail","hentry","category-geral"],"_links":{"self":[{"href":"https:\/\/cafecommessias.com.br\/index.php?rest_route=\/wp\/v2\/posts\/1289","targetHints":{"allow":["GET"]}}],"collection":[{"href":"https:\/\/cafecommessias.com.br\/index.php?rest_route=\/wp\/v2\/posts"}],"about":[{"href":"https:\/\/cafecommessias.com.br\/index.php?rest_route=\/wp\/v2\/types\/post"}],"author":[{"embeddable":true,"href":"https:\/\/cafecommessias.com.br\/index.php?rest_route=\/wp\/v2\/users\/1"}],"replies":[{"embeddable":true,"href":"https:\/\/cafecommessias.com.br\/index.php?rest_route=%2Fwp%2Fv2%2Fcomments&post=1289"}],"version-history":[{"count":1,"href":"https:\/\/cafecommessias.com.br\/index.php?rest_route=\/wp\/v2\/posts\/1289\/revisions"}],"predecessor-version":[{"id":1291,"href":"https:\/\/cafecommessias.com.br\/index.php?rest_route=\/wp\/v2\/posts\/1289\/revisions\/1291"}],"wp:featuredmedia":[{"embeddable":true,"href":"https:\/\/cafecommessias.com.br\/index.php?rest_route=\/wp\/v2\/media\/1290"}],"wp:attachment":[{"href":"https:\/\/cafecommessias.com.br\/index.php?rest_route=%2Fwp%2Fv2%2Fmedia&parent=1289"}],"wp:term":[{"taxonomy":"category","embeddable":true,"href":"https:\/\/cafecommessias.com.br\/index.php?rest_route=%2Fwp%2Fv2%2Fcategories&post=1289"},{"taxonomy":"post_tag","embeddable":true,"href":"https:\/\/cafecommessias.com.br\/index.php?rest_route=%2Fwp%2Fv2%2Ftags&post=1289"}],"curies":[{"name":"wp","href":"https:\/\/api.w.org\/{rel}","templated":true}]}}