{"id":1311,"date":"2025-07-22T23:52:37","date_gmt":"2025-07-23T02:52:37","guid":{"rendered":"https:\/\/cafecommessias.com.br\/?p=1311"},"modified":"2025-07-22T23:52:37","modified_gmt":"2025-07-23T02:52:37","slug":"defesa-diz-que-bolsonaro-mantera-silencio-ate-resposta-de-moraes","status":"publish","type":"post","link":"https:\/\/cafecommessias.com.br\/?p=1311","title":{"rendered":"Defesa diz que Bolsonaro manter\u00e1 sil\u00eancio at\u00e9 resposta de Moraes"},"content":{"rendered":"\n<p>Advogados solicitam que ministro esclare\u00e7a\u00a0o alcance da decis\u00e3o que\u00a0proibiu o ex-presidente de utilizar redes sociais\u00a0diretamente\u00a0ou\u00a0por terceiros<\/p>\n\n\n\n<p>A defesa de&nbsp;<strong>Jair Bolsonaro<\/strong>&nbsp;(PL) afirmou, nesta ter\u00e7a-feira (22), que ele manter\u00e1 sil\u00eancio at\u00e9 que o ministro&nbsp;<strong>Alexandre de Moraes<\/strong>, do&nbsp;<strong>STF (Supremo Tribunal Federal)<\/strong>, esclare\u00e7a&nbsp;o alcance da decis\u00e3o que&nbsp;<strong>proibiu o ex-presidente de utilizar redes sociais<\/strong>&nbsp;de&nbsp;<strong>forma direta&nbsp;<\/strong>ou&nbsp;<strong>por terceiros<\/strong>.<\/p>\n\n\n\n<p>A manifesta\u00e7\u00e3o aconteceu ap\u00f3s o magistrado determinar na segunda-feira (21) que os\u00a0advogados explicassem um poss\u00edvel descumprimento da medida cautelar.<\/p>\n\n\n\n<p>&#8220;De toda forma, em sinal de respeito absoluto \u00e0 decis\u00e3o da Suprema Corte, o embargante [Bolsonaro] n\u00e3o far\u00e1 qualquer manifesta\u00e7\u00e3o at\u00e9 que haja o esclarecimento apontado nos presentes embargos&#8221;, diz a defesa.<\/p>\n\n\n\n<p>De acordo com os defensores, Bolsonaro \u201cjamais considerou\u201d que estava proibido de conceder entrevistas, j\u00e1 que as medidas cautelares impostas inicialmente n\u00e3o proibiam declara\u00e7\u00f5es \u00e0 imprensa.<\/p>\n\n\n\n<p>Os advogados argumentam que a concess\u00e3o de entrevistas n\u00e3o poderia ser presumida como viola\u00e7\u00e3o das medidas, pois a replica\u00e7\u00e3o delas nas redes sociais de terceiros \u00e9 algo que foge do controle do ex-presidente, j\u00e1 que qualquer um pode gravar declara\u00e7\u00f5es p\u00fablicas e divulg\u00e1-las em seus perfis.<\/p>\n\n\n\n<p>&#8220;Uma entrevista pode ser retransmitida, veiculada ou transcrita nas redes sociais. E tais atos n\u00e3o contam com a participa\u00e7\u00e3o direta ou indireta do entrevistado, que n\u00e3o pode ser punido por atos de terceiros\u201d, prossegue.<\/p>\n\n\n\n<p>Na \u00faltima segunda-feira (21),\u00a0Moraes publicou despacho que proibia Bolsonaro de usar redes sociais de forma direta ou indireta. Na pr\u00e1tica, a medida inviabiliza que o ex-presidente d\u00ea entrevistas \u00e0 imprensa ou qualquer declara\u00e7\u00e3o p\u00fablica sem correr risco de pris\u00e3o.<\/p>\n\n\n\n<p>Logo ap\u00f3s o despacho do ministro, por\u00e9m, Bolsonaro fez uma visita \u00e0 C\u00e2mara dos Deputados e deu breve declara\u00e7\u00e3o \u00e0 imprensa. Ele\u00a0mostrou a tornozeleira eletr\u00f4nica e disse que somente a \u201clei de Deus\u201d \u00e9 v\u00e1lida para ele. O epis\u00f3dio foi amplamente divulgado nas redes sociais por perfis de apoiadores, congressistas e jornais.<\/p>\n\n\n\n<p>Horas depois, o ministro deu o prazo de 24 horas para os advogados de Bolsonaro explicarem a a\u00e7\u00e3o do ex-presidente. No despacho, Moares afirma que Bolsonaro agiu com inten\u00e7\u00e3o clara de ter o momento exibido nas plataformas digitais. Para o ministro, j\u00e1 houve descumprimento de medida cautelar e, portanto, justificativa para decretar pris\u00e3o preventiva.<\/p>\n\n\n\n<p><sub>por CNN, S\u00e3o Paulo<\/sub><\/p>\n","protected":false},"excerpt":{"rendered":"<p>Advogados solicitam que ministro esclare\u00e7a\u00a0o alcance da decis\u00e3o que\u00a0proibiu o ex-presidente de utilizar redes sociais\u00a0diretamente\u00a0ou\u00a0por terceiros A defesa de&nbsp;Jair Bolsonaro&nbsp;(PL) afirmou, nesta ter\u00e7a-feira (22), que ele manter\u00e1 sil\u00eancio at\u00e9 que o ministro&nbsp;Alexandre de Moraes, do&nbsp;STF (Supremo Tribunal Federal), esclare\u00e7a&nbsp;o alcance da decis\u00e3o que&nbsp;proibiu o ex-presidente de utilizar redes sociais&nbsp;de&nbsp;forma direta&nbsp;ou&nbsp;por terceiros. A manifesta\u00e7\u00e3o aconteceu ap\u00f3s&#8230;<\/p>\n","protected":false},"author":1,"featured_media":1312,"comment_status":"open","ping_status":"open","sticky":false,"template":"","format":"standard","meta":{"footnotes":""},"categories":[3],"tags":[],"class_list":["post-1311","post","type-post","status-publish","format-standard","has-post-thumbnail","hentry","category-geral"],"_links":{"self":[{"href":"https:\/\/cafecommessias.com.br\/index.php?rest_route=\/wp\/v2\/posts\/1311","targetHints":{"allow":["GET"]}}],"collection":[{"href":"https:\/\/cafecommessias.com.br\/index.php?rest_route=\/wp\/v2\/posts"}],"about":[{"href":"https:\/\/cafecommessias.com.br\/index.php?rest_route=\/wp\/v2\/types\/post"}],"author":[{"embeddable":true,"href":"https:\/\/cafecommessias.com.br\/index.php?rest_route=\/wp\/v2\/users\/1"}],"replies":[{"embeddable":true,"href":"https:\/\/cafecommessias.com.br\/index.php?rest_route=%2Fwp%2Fv2%2Fcomments&post=1311"}],"version-history":[{"count":1,"href":"https:\/\/cafecommessias.com.br\/index.php?rest_route=\/wp\/v2\/posts\/1311\/revisions"}],"predecessor-version":[{"id":1313,"href":"https:\/\/cafecommessias.com.br\/index.php?rest_route=\/wp\/v2\/posts\/1311\/revisions\/1313"}],"wp:featuredmedia":[{"embeddable":true,"href":"https:\/\/cafecommessias.com.br\/index.php?rest_route=\/wp\/v2\/media\/1312"}],"wp:attachment":[{"href":"https:\/\/cafecommessias.com.br\/index.php?rest_route=%2Fwp%2Fv2%2Fmedia&parent=1311"}],"wp:term":[{"taxonomy":"category","embeddable":true,"href":"https:\/\/cafecommessias.com.br\/index.php?rest_route=%2Fwp%2Fv2%2Fcategories&post=1311"},{"taxonomy":"post_tag","embeddable":true,"href":"https:\/\/cafecommessias.com.br\/index.php?rest_route=%2Fwp%2Fv2%2Ftags&post=1311"}],"curies":[{"name":"wp","href":"https:\/\/api.w.org\/{rel}","templated":true}]}}