{"id":1325,"date":"2025-07-23T00:06:07","date_gmt":"2025-07-23T03:06:07","guid":{"rendered":"https:\/\/cafecommessias.com.br\/?p=1325"},"modified":"2025-07-23T00:13:16","modified_gmt":"2025-07-23T03:13:16","slug":"em-sete-meses-educacao-publica-de-parnamirim-avanca-com-obras-e-valorizacao-dos-professores","status":"publish","type":"post","link":"https:\/\/cafecommessias.com.br\/?p=1325","title":{"rendered":"Em sete meses, educa\u00e7\u00e3o p\u00fablica de Parnamirim avan\u00e7a com obras e valoriza\u00e7\u00e3o dos professores"},"content":{"rendered":"\n<p>Com obras, reformas e a garantia de direitos dos profissionais do magist\u00e9rio, a gest\u00e3o da Prefeita Nilda Cruz mudou a realidade da rede p\u00fablico municipal de educa\u00e7\u00e3o de Parnamirim. Em sete meses, tr\u00eas escolas j\u00e1 foram entregues totalmente requalificadas e outras 20 unidades ir\u00e3o passar por reparos e manuten\u00e7\u00e3o. Nesse per\u00edodo, 65 novos professores foram convocados e foi concedido o reajuste de de 6,27 % sobre o piso salarial do magist\u00e9rio para todas as categorias e letras dos professores da rede municipal de ensino municipal.<\/p>\n\n\n\n<p>\u201cS\u00e3o sete meses de muito trabalho e resultados, sobretudo na educa\u00e7\u00e3o. Estamos executando obras e valorizando os profissionais da educa\u00e7\u00e3o p\u00fablica municipal de Parnamirim. Sou professora e sei que quando o poder p\u00fablico trata o setor com prioridade, como estamos fazendo, os ganhos s\u00e3o imensur\u00e1veis. Assim iremos proceder at\u00e9 o final do nosso governo\u201d, ressaltou a prefeita Nilda.<\/p>\n\n\n\n<p>A gest\u00e3o da prefeita Nilda j\u00e1 entregou completamente revitalizados o CMEI Eug\u00eania Palhares, em Passagem de Areia, e o CMEI Ivone Maria dos Santos, no Centro. A Prefeitura tamb\u00e9m fez reparos pontuais nos seguintes CMEI\u00b4s: C\u00edcero Melo, Irene Soares, Brigadeiro Eduardo, Ivonete Sabino, Ant\u00f4nio Bas\u00edlio, Maria Leonor e Eva L\u00facia, Francisca Bezerra.<\/p>\n\n\n\n<p><strong>Outras unidades tamb\u00e9m passar\u00e3o por reparos:<\/strong><\/p>\n\n\n\n<p>CMEI Dona Liquinha Alves (Pirangi); CMEI Eug\u00eania Palhares (Santos Reis); CMEI Ivone Maria dos Santos (Centro); CMEI Maria do Socorro de Araujo Meneses (Passagem de Areia); CMEI Maria Leonor de Freitas (Monte Castelo); CMEI Prof\u00aa L\u00facia Maria dos Santos (Parque dos Eucaliptos); CMEI Tio Hermes (Nova Esperan\u00e7a) para iniciar; CMEI Vionete Sabino Amarante de Medeiros (Rosa dos Ventos); E. M. Brigadeiro Eduardo Gomes (Cidade Verde); E. M. C\u00edcero de Souza Melo (Santa Tereza); E. M. Dr. Sadi Mendes Sobreira (Nova Parnamirim); E. M. Jo\u00e3o Gomes da Costa Neto (Liberdade); E. M. Maria do C\u00e9u Fernandes (Santos Reis);<br>E. M. Maura de Morais Cruz (Ema\u00fas);<br>E. M. Prefeito Jos\u00e9 Augusto Nunes (Santos Reis); E. M. Prof\u00aa Eva L\u00facia Bezerra de Mendon\u00e7a (Parque de Exposi\u00e7\u00f5es);<br>E. M. Prof\u00aa Francisca Fernandes da Rocha (Monte Castelo); E. M. Prof\u00aa Irene Soares da Silva (Monte Castelo); E. M. Prof\u00aa Ivanira de Vasconcelos Paisinho (Cohabinal);<br>E. M. Prof\u00aa Neilza Gomes de Figueiredo (Jardim Planalto); E. M. Prof\u00ba Ant\u00f4nio Bas\u00edlio Filho (Passagem de Areia); E. M. Prof\u00ba Homero de Oliveira Dantas (Boa Esperan\u00e7a).<\/p>\n\n\n\n<p><sub>por Reda\u00e7\u00e3o Tribuna do Norte<\/sub><\/p>\n\n\n\n<figure class=\"wp-block-image size-large\"><img loading=\"lazy\" decoding=\"async\" width=\"1024\" height=\"171\" src=\"https:\/\/cafecommessias.com.br\/wp-content\/uploads\/2025\/07\/DISQUE-180_1320X220-3-1024x171.gif\" alt=\"\" class=\"wp-image-1248\" srcset=\"https:\/\/cafecommessias.com.br\/wp-content\/uploads\/2025\/07\/DISQUE-180_1320X220-3-1024x171.gif 1024w, https:\/\/cafecommessias.com.br\/wp-content\/uploads\/2025\/07\/DISQUE-180_1320X220-3-300x50.gif 300w, https:\/\/cafecommessias.com.br\/wp-content\/uploads\/2025\/07\/DISQUE-180_1320X220-3-768x128.gif 768w\" sizes=\"auto, (max-width: 1024px) 100vw, 1024px\" \/><\/figure>\n","protected":false},"excerpt":{"rendered":"<p>Com obras, reformas e a garantia de direitos dos profissionais do magist\u00e9rio, a gest\u00e3o da Prefeita Nilda Cruz mudou a realidade da rede p\u00fablico municipal de educa\u00e7\u00e3o de Parnamirim. Em sete meses, tr\u00eas escolas j\u00e1 foram entregues totalmente requalificadas e outras 20 unidades ir\u00e3o passar por reparos e manuten\u00e7\u00e3o. Nesse per\u00edodo, 65 novos professores foram&#8230;<\/p>\n","protected":false},"author":1,"featured_media":1326,"comment_status":"open","ping_status":"open","sticky":false,"template":"","format":"standard","meta":{"footnotes":""},"categories":[4,11],"tags":[],"class_list":["post-1325","post","type-post","status-publish","format-standard","has-post-thumbnail","hentry","category-anuncie-aqui","category-parnamirim-rn"],"_links":{"self":[{"href":"https:\/\/cafecommessias.com.br\/index.php?rest_route=\/wp\/v2\/posts\/1325","targetHints":{"allow":["GET"]}}],"collection":[{"href":"https:\/\/cafecommessias.com.br\/index.php?rest_route=\/wp\/v2\/posts"}],"about":[{"href":"https:\/\/cafecommessias.com.br\/index.php?rest_route=\/wp\/v2\/types\/post"}],"author":[{"embeddable":true,"href":"https:\/\/cafecommessias.com.br\/index.php?rest_route=\/wp\/v2\/users\/1"}],"replies":[{"embeddable":true,"href":"https:\/\/cafecommessias.com.br\/index.php?rest_route=%2Fwp%2Fv2%2Fcomments&post=1325"}],"version-history":[{"count":2,"href":"https:\/\/cafecommessias.com.br\/index.php?rest_route=\/wp\/v2\/posts\/1325\/revisions"}],"predecessor-version":[{"id":1334,"href":"https:\/\/cafecommessias.com.br\/index.php?rest_route=\/wp\/v2\/posts\/1325\/revisions\/1334"}],"wp:featuredmedia":[{"embeddable":true,"href":"https:\/\/cafecommessias.com.br\/index.php?rest_route=\/wp\/v2\/media\/1326"}],"wp:attachment":[{"href":"https:\/\/cafecommessias.com.br\/index.php?rest_route=%2Fwp%2Fv2%2Fmedia&parent=1325"}],"wp:term":[{"taxonomy":"category","embeddable":true,"href":"https:\/\/cafecommessias.com.br\/index.php?rest_route=%2Fwp%2Fv2%2Fcategories&post=1325"},{"taxonomy":"post_tag","embeddable":true,"href":"https:\/\/cafecommessias.com.br\/index.php?rest_route=%2Fwp%2Fv2%2Ftags&post=1325"}],"curies":[{"name":"wp","href":"https:\/\/api.w.org\/{rel}","templated":true}]}}