{"id":1338,"date":"2025-07-23T00:24:58","date_gmt":"2025-07-23T03:24:58","guid":{"rendered":"https:\/\/cafecommessias.com.br\/?p=1338"},"modified":"2025-07-23T00:28:07","modified_gmt":"2025-07-23T03:28:07","slug":"moraes-pode-decidir-nesta-quarta-sobre-respostas-de-bolsonaro-por-descumprimento-de-medidas-veja-alternativas","status":"publish","type":"post","link":"https:\/\/cafecommessias.com.br\/?p=1338","title":{"rendered":"Moraes pode decidir nesta quarta sobre respostas de Bolsonaro por descumprimento de medidas; veja alternativas"},"content":{"rendered":"\n<p>Ministro do STF entendeu que ex-presidente desobedeceu obriga\u00e7\u00f5es impostas pela Justi\u00e7a, como n\u00e3o usar redes sociais para fazer postagens. Bolsonaro \u00e9 r\u00e9u por tentativa de golpe de Estado e investigado por atrapalhar as investiga\u00e7\u00f5es.<\/p>\n\n\n\n<p>O ministro\u00a0Alexandre de Moraes, do Supremo Tribunal Federal (STF), pode tomar uma decis\u00e3o nesta quarta-feira (23) sobre\u00a0as explica\u00e7\u00f5es apresentadas\u00a0pela defesa do ex-presidente Jair Bolsonaro (PL) sobre o poss\u00edvel descumprimento de medidas cautelares.<\/p>\n\n\n\n<p>Desde a sexta (18), Bolsonaro tem que cumprir uma s\u00e9rie de determina\u00e7\u00f5es impostas pela Justi\u00e7a, como o uso de tornozeleira eletr\u00f4nica. R\u00e9u no julgamento do golpe de Estado, ele \u00e9 investigado agora por tentar atrapalhar as investiga\u00e7\u00f5es (veja mais abaixo).<\/p>\n\n\n\n<p>Na segunda-feira (21), Moraes deu 24 horas para que a defesa se manifestasse ap\u00f3s Bolsonaro\u00a0aparecer em v\u00eddeo divulgado nas redes sociais durante visita ao Congresso Nacional.<\/p>\n\n\n\n<p>As imagens foram publicadas nas plataformas digitais, o que, para Moraes, violou a medida que pro\u00edbe o uso de redes sociais por Bolsonaro, de forma direta ou por meio de terceiros.<\/p>\n\n\n\n<p>No v\u00eddeo, o ex-presidente mostra a tornozeleira eletr\u00f4nica e faz declara\u00e7\u00f5es \u00e0 imprensa.<\/p>\n\n\n\n<h4 class=\"wp-block-heading\">O que diz a defesa<\/h4>\n\n\n\n<p>A defesa de Bolsonaro afirma que ele n\u00e3o postou o conte\u00fado nem pediu que outras pessoas o fizessem. Tamb\u00e9m argumenta que n\u00e3o sabia que entrevistas poderiam ser consideradas descumprimento da ordem, j\u00e1 que a decis\u00e3o anterior n\u00e3o especificava esse ponto.<\/p>\n\n\n\n<p>Os advogados pediram que Moraes esclare\u00e7a os limites exatos da proibi\u00e7\u00e3o sobre redes sociais.<\/p>\n\n\n\n<h4 class=\"wp-block-heading\">O que pode acontecer agora<\/h4>\n\n\n\n<p>Com a resposta em m\u00e3os, Moraes tem algumas op\u00e7\u00f5es:<\/p>\n\n\n\n<p><strong>Encaminhar o caso \u00e0 PGR<\/strong>: a Procuradoria-Geral da Rep\u00fablica pode emitir um parecer indicando se houve ou n\u00e3o descumprimento. Nesse cen\u00e1rio, Moraes se manifestaria ap\u00f3s ouvir a opini\u00e3o da PGR, com a qual ele n\u00e3o \u00e9 obrigado a concordar.<\/p>\n\n\n\n<p><strong>Decidir diretamente:<\/strong>&nbsp;o pr\u00f3prio ministro pode analisar as justificativas e decidir se mant\u00e9m as medidas ou aplica novas san\u00e7\u00f5es.<\/p>\n\n\n\n<p><strong>Decretar pris\u00e3o preventiva<\/strong>: se considerar que houve viola\u00e7\u00e3o das medidas, Moraes pode determinar a pris\u00e3o preventiva do ex-presidente.<\/p>\n\n\n\n<h4 class=\"wp-block-heading\">Quais s\u00e3o as medidas impostas<\/h4>\n\n\n\n<p>Desde o dia 18, Bolsonaro \u00e9 obrigado a cumprir medidas cautelares determinadas pelo STF. Entre elas est\u00e3o:<\/p>\n\n\n\n<ul class=\"wp-block-list\">\n<li>uso de tornozeleira eletr\u00f4nica;<\/li>\n\n\n\n<li>recolhimento domiciliar noturno durante a semana e integral nos fins de semana;<\/li>\n\n\n\n<li>proibi\u00e7\u00e3o de uso de redes sociais, inclusive por terceiros;<\/li>\n\n\n\n<li>proibi\u00e7\u00e3o de contato com outros investigados ou autoridades estrangeiras.<\/li>\n<\/ul>\n\n\n\n<h4 class=\"wp-block-heading\">Situa\u00e7\u00e3o jur\u00eddica de Bolsonaro<\/h4>\n\n\n\n<p>Bolsonaro \u00e9 r\u00e9u no Supremo Tribunal Federal no caso que investiga a tentativa de golpe de Estado ap\u00f3s as elei\u00e7\u00f5es de 2022. Ele \u00e9 acusado de participar de uma trama para impedir a posse do presidente eleito Luiz In\u00e1cio Lula da Silva.<\/p>\n\n\n\n<p>A tornozeleira eletr\u00f4nica foi imposta por determina\u00e7\u00e3o do ministro Alexandre de Moraes em 18 de julho, como parte de um conjunto de medidas cautelares. Segundo Moraes, havia risco de fuga e de obstru\u00e7\u00e3o das investiga\u00e7\u00f5es.<\/p>\n\n\n\n<p>A avalia\u00e7\u00e3o do STF e da Procuradoria-Geral da Rep\u00fablica \u00e9 que o grupo pol\u00edtico de Bolsonaro estaria atuando para pressionar autoridades brasileiras e incitar aliados internacionais, como o presidente Donald Trump, a retaliar o Brasil em favor do fim do processo. A conduta foi vista como tentativa de intimidar ministros do STF e interferir no curso do julgamento.<\/p>\n\n\n\n<figure class=\"wp-block-image\"><img decoding=\"async\" src=\"https:\/\/s2-g1.glbimg.com\/HjogKIq9CcEQctwd-skaNzSaJu8=\/0x0:4965x3310\/984x0\/smart\/filters:strip_icc()\/i.s3.glbimg.com\/v1\/AUTH_59edd422c0c84a879bd37670ae4f538a\/internal_photos\/bs\/2025\/X\/Z\/z8A1GtTBG0yIXzBt38eg\/afp-20250610-49uh4mc-v1-highres-brazilpoliticsjusticetrialcoupbolsonaro.jpg\" alt=\"Bolsonaro \u00e9 interrogado por Moraes no julgamento do golpe \u2014 Foto: Evaristo SA \/ AFP\"\/><\/figure>\n\n\n\n<p><sub>Bolsonaro \u00e9 interrogado por Moraes no julgamento do golpe \u2014 Foto: Evaristo SA \/ AFP<\/sub><\/p>\n\n\n\n<p><sub>Por g1\u00a0\u2014 Bras\u00edlia<\/sub><\/p>\n\n\n\n<p><\/p>\n","protected":false},"excerpt":{"rendered":"<p>Ministro do STF entendeu que ex-presidente desobedeceu obriga\u00e7\u00f5es impostas pela Justi\u00e7a, como n\u00e3o usar redes sociais para fazer postagens. Bolsonaro \u00e9 r\u00e9u por tentativa de golpe de Estado e investigado por atrapalhar as investiga\u00e7\u00f5es. O ministro\u00a0Alexandre de Moraes, do Supremo Tribunal Federal (STF), pode tomar uma decis\u00e3o nesta quarta-feira (23) sobre\u00a0as explica\u00e7\u00f5es apresentadas\u00a0pela defesa do&#8230;<\/p>\n","protected":false},"author":1,"featured_media":1339,"comment_status":"open","ping_status":"open","sticky":false,"template":"","format":"standard","meta":{"footnotes":""},"categories":[3],"tags":[],"class_list":["post-1338","post","type-post","status-publish","format-standard","has-post-thumbnail","hentry","category-geral"],"_links":{"self":[{"href":"https:\/\/cafecommessias.com.br\/index.php?rest_route=\/wp\/v2\/posts\/1338","targetHints":{"allow":["GET"]}}],"collection":[{"href":"https:\/\/cafecommessias.com.br\/index.php?rest_route=\/wp\/v2\/posts"}],"about":[{"href":"https:\/\/cafecommessias.com.br\/index.php?rest_route=\/wp\/v2\/types\/post"}],"author":[{"embeddable":true,"href":"https:\/\/cafecommessias.com.br\/index.php?rest_route=\/wp\/v2\/users\/1"}],"replies":[{"embeddable":true,"href":"https:\/\/cafecommessias.com.br\/index.php?rest_route=%2Fwp%2Fv2%2Fcomments&post=1338"}],"version-history":[{"count":1,"href":"https:\/\/cafecommessias.com.br\/index.php?rest_route=\/wp\/v2\/posts\/1338\/revisions"}],"predecessor-version":[{"id":1340,"href":"https:\/\/cafecommessias.com.br\/index.php?rest_route=\/wp\/v2\/posts\/1338\/revisions\/1340"}],"wp:featuredmedia":[{"embeddable":true,"href":"https:\/\/cafecommessias.com.br\/index.php?rest_route=\/wp\/v2\/media\/1339"}],"wp:attachment":[{"href":"https:\/\/cafecommessias.com.br\/index.php?rest_route=%2Fwp%2Fv2%2Fmedia&parent=1338"}],"wp:term":[{"taxonomy":"category","embeddable":true,"href":"https:\/\/cafecommessias.com.br\/index.php?rest_route=%2Fwp%2Fv2%2Fcategories&post=1338"},{"taxonomy":"post_tag","embeddable":true,"href":"https:\/\/cafecommessias.com.br\/index.php?rest_route=%2Fwp%2Fv2%2Ftags&post=1338"}],"curies":[{"name":"wp","href":"https:\/\/api.w.org\/{rel}","templated":true}]}}